{"id":33680,"date":"2014-07-03T12:30:21","date_gmt":"2014-07-03T15:30:21","guid":{"rendered":"http:\/\/aconteceunovale.com.br\/portal\/?p=33680"},"modified":"2014-07-03T12:30:21","modified_gmt":"2014-07-03T15:30:21","slug":"homem-e-morto-menos-de-24-horas-apos-sair-da-cadeia-no-norte-de-minas","status":"publish","type":"post","link":"https:\/\/aconteceunovale.com.br\/portal\/?p=33680","title":{"rendered":"Homem \u00e9 morto menos de 24 horas ap\u00f3s sair da cadeia no Norte de Minas"},"content":{"rendered":"<p>A Pol\u00edcia Civil vai investigar a morte de um homem de 34 anos que foi assassinado a facadas, nessa quarta-feira (2), em Ja\u00edba, no Norte do Estado. Ele havia sa\u00eddo da pris\u00e3o h\u00e1 menos de um dia.<\/p>\n<p>De acordo com o boletim de ocorr\u00eancia da Pol\u00edcia Militar, o corpo de Gilderson Carolino da Silva, conhecido pelo apelido de \u201cGil\u201d, foi encontrado em um lote vago na rua Edimir Alves, no bairro Veredas.<\/p>\n<p>Militares foram acionados por moradores da rua. A v\u00edtima apresentava v\u00e1rias perfura\u00e7\u00f5es nas costas. Autoria e motiva\u00e7\u00e3o do crime s\u00e3o desconhecidas.<\/p>\n","protected":false},"excerpt":{"rendered":"<p>A Pol\u00edcia Civil vai investigar a morte de um homem de 34 anos que foi assassinado a facadas, nessa quarta-feira (2), em Ja\u00edba, no Norte do Estado. Ele havia sa\u00eddo da pris\u00e3o h\u00e1 menos de um dia. De acordo com o boletim de ocorr\u00eancia da Pol\u00edcia Militar, o corpo de Gilderson Carolino da Silva, conhecido [&hellip;]<\/p>\n","protected":false},"author":1,"featured_media":32816,"comment_status":"open","ping_status":"closed","sticky":false,"template":"","format":"standard","meta":{"amp_status":"","footnotes":""},"categories":[1236],"tags":[10107,10106,1058],"class_list":["post-33680","post","type-post","status-publish","format-standard","has-post-thumbnail","hentry","category-norte_de_minas","tag-gilderson-carolino-da-silva","tag-homem-e-morto-menos-de-24-horas-apos-sair-da-cadeia-no-norte-de-minas","tag-jaiba"],"_links":{"self":[{"href":"https:\/\/aconteceunovale.com.br\/portal\/index.php?rest_route=\/wp\/v2\/posts\/33680","targetHints":{"allow":["GET"]}}],"collection":[{"href":"https:\/\/aconteceunovale.com.br\/portal\/index.php?rest_route=\/wp\/v2\/posts"}],"about":[{"href":"https:\/\/aconteceunovale.com.br\/portal\/index.php?rest_route=\/wp\/v2\/types\/post"}],"author":[{"embeddable":true,"href":"https:\/\/aconteceunovale.com.br\/portal\/index.php?rest_route=\/wp\/v2\/users\/1"}],"replies":[{"embeddable":true,"href":"https:\/\/aconteceunovale.com.br\/portal\/index.php?rest_route=%2Fwp%2Fv2%2Fcomments&post=33680"}],"version-history":[{"count":0,"href":"https:\/\/aconteceunovale.com.br\/portal\/index.php?rest_route=\/wp\/v2\/posts\/33680\/revisions"}],"wp:featuredmedia":[{"embeddable":true,"href":"https:\/\/aconteceunovale.com.br\/portal\/index.php?rest_route=\/wp\/v2\/media\/32816"}],"wp:attachment":[{"href":"https:\/\/aconteceunovale.com.br\/portal\/index.php?rest_route=%2Fwp%2Fv2%2Fmedia&parent=33680"}],"wp:term":[{"taxonomy":"category","embeddable":true,"href":"https:\/\/aconteceunovale.com.br\/portal\/index.php?rest_route=%2Fwp%2Fv2%2Fcategories&post=33680"},{"taxonomy":"post_tag","embeddable":true,"href":"https:\/\/aconteceunovale.com.br\/portal\/index.php?rest_route=%2Fwp%2Fv2%2Ftags&post=33680"}],"curies":[{"name":"wp","href":"https:\/\/api.w.org\/{rel}","templated":true}]}}