{"id":33677,"date":"2014-07-03T09:43:43","date_gmt":"2014-07-03T12:43:43","guid":{"rendered":"http:\/\/aconteceunovale.com.br\/portal\/?p=33677"},"modified":"2014-07-03T09:43:43","modified_gmt":"2014-07-03T12:43:43","slug":"terceira-etapa-do-programa-minha-casa-minha-vida-sera-lancada-nesta-quinta-feira","status":"publish","type":"post","link":"https:\/\/aconteceunovale.com.br\/portal\/?p=33677","title":{"rendered":"Terceira etapa do Programa Minha Casa, Minha Vida ser\u00e1 lan\u00e7ada nesta quinta-feira"},"content":{"rendered":"<p>A presidenta Dilma Rousseff lan\u00e7a nesta quinta-feira, 3 de julho, a terceira etapa do Programa Minha Casa, Minha Vida, que tem por meta a contrata\u00e7\u00e3o, a partir de 2015, de 3 milh\u00f5es de novas unidades habitacionais. O lan\u00e7amento estava previsto para o m\u00eas de junho, segundo an\u00fancio feito ap\u00f3s a presidenta se encontrar com representantes da constru\u00e7\u00e3o civil e ministros ligados \u00e0 \u00e1rea.<\/p>\n<p>A cerim\u00f4nia ocorre durante entrega simult\u00e2nea de mais de 5 mil moradias da segunda etapa do programa, que ter\u00e1 a presen\u00e7a de Dilma e de ministros em 11 cidades. Ao todo, ser\u00e3o entregues 5.460 casas em sete estados. A presidenta entrega, \u00e0s 9h30, unidades habitacionais no Residencial Parano\u00e1 Parque, a 20 quil\u00f4metros do centro de Bras\u00edlia.<\/p>\n<p>Segundo Dilma, na primeira etapa do programa foram constru\u00eddas 1 milh\u00e3o de moradias e, na segunda etapa, que est\u00e1 em vigor, a meta \u00e9 chegar a 2,75 milh\u00f5es de casas at\u00e9 o fim deste ano. A terceira etapa do programa seguir\u00e1 a mesma metodologia das anteriores, segundo a presidenta Dilma, com consulta \u00e0s empresas, movimentos sociais e estados.<\/p>\n<p>As cidades que participar\u00e3o do evento, com participa\u00e7\u00e3o de ministros, s\u00e3o: Curitiba \u2013 Henrique Paim (Educa\u00e7\u00e3o); Duque de Caxias (RJ) \u2013 Gilberto Occhi (Cidades); Santo Andr\u00e9 (SP) &#8211;  Miriam Belchior (Planejamento, Or\u00e7amento e Gest\u00e3o); Joinvile (SC) &#8211; Ideli Salvatti (Secretaria de Direitos Humanos); Belford Roxo (RJ) &#8211; Tereza Campello (Desenvolvimento Social e Combate \u00e0 Fome); Betim (MG) &#8211; Clelio Campolina (Ci\u00eancia, Tecnologia e Inova\u00e7\u00e3o); S\u00e3o Vicente (SP) &#8211; Arthur Chioro (Sa\u00fade); Governador Valadares (MG) &#8211; Eleonora Meiecucci (Secretaria de Pol\u00edticas para as Mulheres); Juazeiro do Norte (CE) &#8211; Miguel Rossetto (Desenvolvimento Agr\u00e1rio); e Jequi\u00e9 (BA) &#8211; C\u00e9sar Borges (Secretaria de Portos).<\/p>\n<p>O Minha Casa, Minha Vida financia moradias para fam\u00edlias com renda at\u00e9 R$ 5 mil por m\u00eas. As condi\u00e7\u00f5es de financiamento variam de acordo com a renda familiar. Para fam\u00edlias com renda mensal at\u00e9 R$ 1.600 a presta\u00e7\u00e3o \u00e9 5% da renda. Para fam\u00edlias que ganham at\u00e9 R$ 3.275, o programa d\u00e1 um subs\u00eddio que pode chegar a R$ 25 mil. Para as fam\u00edlias com ganhos mensais entre R$ 3.275 e R$ 5 mil, o benef\u00edcio \u00e9 uma taxa de juros mais baixa do que a dos financiamentos imobili\u00e1rios tradicionais. <em>(Ag\u00eancia Brasil)<\/em><\/p>\n","protected":false},"excerpt":{"rendered":"<p>A presidenta Dilma Rousseff lan\u00e7a nesta quinta-feira, 3 de julho, a terceira etapa do Programa Minha Casa, Minha Vida, que tem por meta a contrata\u00e7\u00e3o, a partir de 2015, de 3 milh\u00f5es de novas unidades habitacionais. O lan\u00e7amento estava previsto para o m\u00eas de junho, segundo an\u00fancio feito ap\u00f3s a presidenta se encontrar com representantes [&hellip;]<\/p>\n","protected":false},"author":1,"featured_media":33678,"comment_status":"open","ping_status":"closed","sticky":false,"template":"","format":"standard","meta":{"amp_status":"","footnotes":""},"categories":[6],"tags":[247,10105,10104],"class_list":["post-33677","post","type-post","status-publish","format-standard","has-post-thumbnail","hentry","category-br","tag-governador-valadares","tag-lancamento-simultaneo-do-programa-minha-casa-minha-vida","tag-terceira-etapa-do-programa-minha-casa-minha-vida"],"_links":{"self":[{"href":"https:\/\/aconteceunovale.com.br\/portal\/index.php?rest_route=\/wp\/v2\/posts\/33677","targetHints":{"allow":["GET"]}}],"collection":[{"href":"https:\/\/aconteceunovale.com.br\/portal\/index.php?rest_route=\/wp\/v2\/posts"}],"about":[{"href":"https:\/\/aconteceunovale.com.br\/portal\/index.php?rest_route=\/wp\/v2\/types\/post"}],"author":[{"embeddable":true,"href":"https:\/\/aconteceunovale.com.br\/portal\/index.php?rest_route=\/wp\/v2\/users\/1"}],"replies":[{"embeddable":true,"href":"https:\/\/aconteceunovale.com.br\/portal\/index.php?rest_route=%2Fwp%2Fv2%2Fcomments&post=33677"}],"version-history":[{"count":0,"href":"https:\/\/aconteceunovale.com.br\/portal\/index.php?rest_route=\/wp\/v2\/posts\/33677\/revisions"}],"wp:featuredmedia":[{"embeddable":true,"href":"https:\/\/aconteceunovale.com.br\/portal\/index.php?rest_route=\/wp\/v2\/media\/33678"}],"wp:attachment":[{"href":"https:\/\/aconteceunovale.com.br\/portal\/index.php?rest_route=%2Fwp%2Fv2%2Fmedia&parent=33677"}],"wp:term":[{"taxonomy":"category","embeddable":true,"href":"https:\/\/aconteceunovale.com.br\/portal\/index.php?rest_route=%2Fwp%2Fv2%2Fcategories&post=33677"},{"taxonomy":"post_tag","embeddable":true,"href":"https:\/\/aconteceunovale.com.br\/portal\/index.php?rest_route=%2Fwp%2Fv2%2Ftags&post=33677"}],"curies":[{"name":"wp","href":"https:\/\/api.w.org\/{rel}","templated":true}]}}