{"id":33634,"date":"2014-07-02T20:08:09","date_gmt":"2014-07-02T23:08:09","guid":{"rendered":"http:\/\/aconteceunovale.com.br\/portal\/?p=33634"},"modified":"2014-07-02T20:08:45","modified_gmt":"2014-07-02T23:08:45","slug":"festival-de-cancao-de-grao-mogol-divulga-musicas-selecionadas","status":"publish","type":"post","link":"https:\/\/aconteceunovale.com.br\/portal\/?p=33634","title":{"rendered":"Festival de Can\u00e7\u00e3o de Gr\u00e3o Mogol divulga m\u00fasicas selecionadas"},"content":{"rendered":"<p>O Festival de Can\u00e7\u00e3o Lago de Irap\u00e9, organizado pela Universidade Estadual de Montes Claros (Unimontes), divulgou as 20 m\u00fasicas selecionadas para a eliminat\u00f3ria do evento. A sele\u00e7\u00e3o foi feita por cinco professores do Conservat\u00f3rio Estadual de M\u00fasica Lorenzo Fernandez (CELF).<\/p>\n<p>Para a escolha das can\u00e7\u00f5es foram observados cinco quesitos, conta o organizador do festival, F\u00e1bio Carvalho. &#8220;Analisamos melodia, harmonia, arranjo, letra e originalidade. Observamos estes aspectos de forma global para que os candidatos pudessem dar continuidade diante do p\u00fablico e dos jurados&#8221; diz.<\/p>\n<p><img decoding=\"async\" src=\"http:\/\/aconteceunovale.com.br\/portal\/wp-content\/uploads\/2014\/07\/presepio_mae_de_deus_festival.jpg\" alt=\"\" \/><strong><em>Pres\u00e9pio M\u00e3os de Deus local do Festival de Inverno de Gr\u00e3o Mogol (Foto: Marina Froes)<\/em><\/strong><br \/>\n<\/br><\/p>\n<p>As 20 m\u00fasicas pr\u00e9-selecionadas, enviadas das cidades de Montes Claros, Salinas, Botumirim, Turmalina, Minas Novas, s\u00e3o:<\/p>\n<p>1 &#8211; \u201c\u00c1guas que Valem\u201d (C\u00e1ssio Reny Soares de Almeida);<br \/>\n2 &#8211; \u201cCaboclo de Irap\u00e9\u201d (Edmilson Alves de Carvalho);<br \/>\n3 &#8211; \u201cCaipira Nato\u201d (Valdete Dias Fonseca);<br \/>\n4 &#8211; \u201cCan\u00e7\u00e3o da Saudade\u201d (Pollyana Gon\u00e7alves Rocha);<br \/>\n5 &#8211; \u201cEntre Cantos e Contos no Irap\u00e9\u201d (J\u00e9ssica Dayana Alves Ara\u00fajo)<br \/>\n6 &#8211; \u201cEstrela Morena\u201d (Jos\u00e9 Manoel Xavier Souto).<br \/>\n7 &#8211; \u201cJequitimar\u201d (Renan Alves de Carvalho);<br \/>\n8 &#8211; \u201cLugar de Ir a P\u00e9\u201d (Herberth Lincoln Veloso);<br \/>\n9 &#8211; \u201cMais que Energia\u201d (Ivan Cristiano Costa);<br \/>\n10 &#8211; \u201cMeu Senhor Espinha\u00e7o\u201d (Edson Augusto Lima e Rocha);<br \/>\n11 &#8211; \u201cMinas \u00e9 Demais\u201d (Cristian Farley Dias da Silva);<br \/>\n12 &#8211; \u201cMo\u00e7a Caipira\u201d (Carlos Afonso da Paix\u00e3o Maia).<br \/>\n13 &#8211; \u201cO Lago Sabia\u201d (Washington Santos Neves);<br \/>\n14 &#8211; \u201cPorto Coris\u201d (Ronaldo Tobias dos Santos);<br \/>\n15 &#8211; \u201cSantu\u00e1rio Barroco\u201d (Jaivan Sousa Acioly);<br \/>\n16 &#8211; \u201cSaudades da Ro\u00e7a\u201d (Marcos Gon\u00e7alves da Rocha);<br \/>\n17 &#8211; \u201cSina\u201d (Helder Carlos da Cunha);<br \/>\n18 &#8211; \u201cUm Lago que lembra o Mar\u201d (Dulce Dias de Souza);<br \/>\n19 &#8211; \u201cVejo A Esperan\u00e7a Brotar do Novo\u201d (Silvano Guimar\u00e3es de Bessa);<br \/>\n20 &#8211; \u201cViola de Pinho\u201d (Valdinei Soares).<\/p>\n<p>&#8220;N\u00f3s temos como objetivo principal a valoriza\u00e7\u00e3o dos compositores e interpretes do Norte de Minas e da regi\u00e3o do Vale do Jequitinhonha, al\u00e9m de promover o Circuito Tur\u00edstico do Lago do Irap\u00e9&#8221; completa F\u00e1bio  Carvalho. O Festival da Can\u00e7\u00e3o ter\u00e1 in\u00edcio no dia 10 de julho em Gr\u00e3o Mogol, no Pres\u00e9pio M\u00e3os de Deus, dentra da programa\u00e7\u00e3o do Festival de Inverno de Gr\u00e3o Mogol. (G1)<\/p>\n","protected":false},"excerpt":{"rendered":"<p>O Festival de Can\u00e7\u00e3o Lago de Irap\u00e9, organizado pela Universidade Estadual de Montes Claros (Unimontes), divulgou as 20 m\u00fasicas selecionadas para a eliminat\u00f3ria do evento. A sele\u00e7\u00e3o foi feita por cinco professores do Conservat\u00f3rio Estadual de M\u00fasica Lorenzo Fernandez (CELF). Para a escolha das can\u00e7\u00f5es foram observados cinco quesitos, conta o organizador do festival, F\u00e1bio [&hellip;]<\/p>\n","protected":false},"author":1,"featured_media":33635,"comment_status":"open","ping_status":"closed","sticky":false,"template":"","format":"standard","meta":{"amp_status":"","footnotes":""},"categories":[125],"tags":[1714,10101,10100,1153,137,210,190,178],"class_list":["post-33634","post","type-post","status-publish","format-standard","has-post-thumbnail","hentry","category-noticias","tag-botumirim","tag-festival-de-cancao-de-grao-mogol-divulga-musicas-selecionadas","tag-festival-de-cancao-lago-de-irape","tag-grao-mogol","tag-minas-novas","tag-montes-claros","tag-salinas","tag-turmalina"],"_links":{"self":[{"href":"https:\/\/aconteceunovale.com.br\/portal\/index.php?rest_route=\/wp\/v2\/posts\/33634","targetHints":{"allow":["GET"]}}],"collection":[{"href":"https:\/\/aconteceunovale.com.br\/portal\/index.php?rest_route=\/wp\/v2\/posts"}],"about":[{"href":"https:\/\/aconteceunovale.com.br\/portal\/index.php?rest_route=\/wp\/v2\/types\/post"}],"author":[{"embeddable":true,"href":"https:\/\/aconteceunovale.com.br\/portal\/index.php?rest_route=\/wp\/v2\/users\/1"}],"replies":[{"embeddable":true,"href":"https:\/\/aconteceunovale.com.br\/portal\/index.php?rest_route=%2Fwp%2Fv2%2Fcomments&post=33634"}],"version-history":[{"count":0,"href":"https:\/\/aconteceunovale.com.br\/portal\/index.php?rest_route=\/wp\/v2\/posts\/33634\/revisions"}],"wp:featuredmedia":[{"embeddable":true,"href":"https:\/\/aconteceunovale.com.br\/portal\/index.php?rest_route=\/wp\/v2\/media\/33635"}],"wp:attachment":[{"href":"https:\/\/aconteceunovale.com.br\/portal\/index.php?rest_route=%2Fwp%2Fv2%2Fmedia&parent=33634"}],"wp:term":[{"taxonomy":"category","embeddable":true,"href":"https:\/\/aconteceunovale.com.br\/portal\/index.php?rest_route=%2Fwp%2Fv2%2Fcategories&post=33634"},{"taxonomy":"post_tag","embeddable":true,"href":"https:\/\/aconteceunovale.com.br\/portal\/index.php?rest_route=%2Fwp%2Fv2%2Ftags&post=33634"}],"curies":[{"name":"wp","href":"https:\/\/api.w.org\/{rel}","templated":true}]}}