{"id":33631,"date":"2014-07-02T20:00:03","date_gmt":"2014-07-02T23:00:03","guid":{"rendered":"http:\/\/aconteceunovale.com.br\/portal\/?p=33631"},"modified":"2014-07-02T20:22:17","modified_gmt":"2014-07-02T23:22:17","slug":"governador-assina-termo-de-convenio-para-construcao-do-hospital-do-trauma-de-montes-claros","status":"publish","type":"post","link":"https:\/\/aconteceunovale.com.br\/portal\/?p=33631","title":{"rendered":"Governador assina termo de conv\u00eanio para constru\u00e7\u00e3o do Hospital do Trauma de Montes Claros"},"content":{"rendered":"<p>O governador de Minas Gerais, Alberto Pinto Coelho, assinou na tarde desta quarta-feira (2), o Termo de Conv\u00eanio para constru\u00e7\u00e3o do Hospital Regional de Montes Claros (Hospital do Trauma). A obra foi projetada inicialmente para 234 leitos com o custo de R$ 135 milh\u00f5es e ser\u00e1 constru\u00edda em um terreno de 60 mil metros quadrados, no bairro Planalto, doado pelo munic\u00edpio.<\/p>\n<p>A assinatura autoriza licita\u00e7\u00e3o da obra, que tem previs\u00e3o de in\u00edcio ainda em 2014 e pretens\u00e3o de receber pacientes j\u00e1 em  2016. A Santa Casa de Montes Claros ser\u00e1 gestora do Hospital do Trauma. Segundo o provedor da institui\u00e7\u00e3o, Ely Penido, s\u00e3o realizados mais de 100 mil procedimento por m\u00eas.<\/p>\n<p>\u201cPara n\u00f3s \u00e9 uma grande vit\u00f3ria. A constru\u00e7\u00e3o deste hospital \u00e9 motivo de muita comemora\u00e7\u00e3o. Com ele vamos ampliar nossos atendimentos pelo SUS, visando salvar vidas e melhorar a qualidade de vida da comunidade\u201d, disse o provedor durante o evento.<\/p>\n<p>De acordo com o prefeito Ruy Muniz, a cidade precisava de um hospital que atendesse 100% pelo SUS. O prefeito diz que est\u00e1 preocupado com a manuten\u00e7\u00e3o do hospital. \u201cPrecisamos de garantias de custeio do hospital, pois o mesmo que se gasta para constru\u00ed-lo se gasta para mant\u00ea-lo. Espero que o Hospital Regional seja nos moldes do Jo\u00e3o XXIII em Belo Horizonte\u201d, explica.<\/p>\n<p>Para o coordenador de enfermagem, Alisson Miranda Dourado, a constru\u00e7\u00e3o do Hospital do Trauma pode minimizar riscos \u00e0s v\u00edtimas de acidentes. \u201cTraumas tidos como simples podem gerar sequelas ou at\u00e9 mesmo a morte. Ter um hospital especializado para este tipo de necessidade melhora no atendimento, tratamento e tamb\u00e9m na alta do paciente\u201d, explica.<\/p>\n<p><img decoding=\"async\" src=\"http:\/\/aconteceunovale.com.br\/portal\/wp-content\/uploads\/2014\/07\/convenio_hospital_do_trauma_moc.jpg\" alt=\"\" \/><\/p>\n<p><strong><em>(Foto: Valdivan Veloso \/ Informa\u00e7\u00f5es: Inter TV Grande Minas)<\/em><\/strong><\/p>\n","protected":false},"excerpt":{"rendered":"<p>O governador de Minas Gerais, Alberto Pinto Coelho, assinou na tarde desta quarta-feira (2), o Termo de Conv\u00eanio para constru\u00e7\u00e3o do Hospital Regional de Montes Claros (Hospital do Trauma). A obra foi projetada inicialmente para 234 leitos com o custo de R$ 135 milh\u00f5es e ser\u00e1 constru\u00edda em um terreno de 60 mil metros quadrados, [&hellip;]<\/p>\n","protected":false},"author":1,"featured_media":33632,"comment_status":"open","ping_status":"closed","sticky":false,"template":"","format":"standard","meta":{"amp_status":"","footnotes":""},"categories":[1236],"tags":[10099,10097,210,10098],"class_list":["post-33631","post","type-post","status-publish","format-standard","has-post-thumbnail","hentry","category-norte_de_minas","tag-construcao-do-hospital-regional-de-montes-claros-hospital-do-trauma","tag-governador-assina-termo-de-convenio-para-construcao-do-hospital-do-trauma-de-montes-claros","tag-montes-claros","tag-santa-casa-de-montes-claros-sera-gestora-do-hospital-do-trauma"],"_links":{"self":[{"href":"https:\/\/aconteceunovale.com.br\/portal\/index.php?rest_route=\/wp\/v2\/posts\/33631","targetHints":{"allow":["GET"]}}],"collection":[{"href":"https:\/\/aconteceunovale.com.br\/portal\/index.php?rest_route=\/wp\/v2\/posts"}],"about":[{"href":"https:\/\/aconteceunovale.com.br\/portal\/index.php?rest_route=\/wp\/v2\/types\/post"}],"author":[{"embeddable":true,"href":"https:\/\/aconteceunovale.com.br\/portal\/index.php?rest_route=\/wp\/v2\/users\/1"}],"replies":[{"embeddable":true,"href":"https:\/\/aconteceunovale.com.br\/portal\/index.php?rest_route=%2Fwp%2Fv2%2Fcomments&post=33631"}],"version-history":[{"count":0,"href":"https:\/\/aconteceunovale.com.br\/portal\/index.php?rest_route=\/wp\/v2\/posts\/33631\/revisions"}],"wp:featuredmedia":[{"embeddable":true,"href":"https:\/\/aconteceunovale.com.br\/portal\/index.php?rest_route=\/wp\/v2\/media\/33632"}],"wp:attachment":[{"href":"https:\/\/aconteceunovale.com.br\/portal\/index.php?rest_route=%2Fwp%2Fv2%2Fmedia&parent=33631"}],"wp:term":[{"taxonomy":"category","embeddable":true,"href":"https:\/\/aconteceunovale.com.br\/portal\/index.php?rest_route=%2Fwp%2Fv2%2Fcategories&post=33631"},{"taxonomy":"post_tag","embeddable":true,"href":"https:\/\/aconteceunovale.com.br\/portal\/index.php?rest_route=%2Fwp%2Fv2%2Ftags&post=33631"}],"curies":[{"name":"wp","href":"https:\/\/api.w.org\/{rel}","templated":true}]}}