{"id":33620,"date":"2014-07-02T19:03:34","date_gmt":"2014-07-02T22:03:34","guid":{"rendered":"http:\/\/aconteceunovale.com.br\/portal\/?p=33620"},"modified":"2014-07-02T19:03:34","modified_gmt":"2014-07-02T22:03:34","slug":"usinas-solares-experimentais-capacitam-alunos-de-universidades-mineiras","status":"publish","type":"post","link":"https:\/\/aconteceunovale.com.br\/portal\/?p=33620","title":{"rendered":"Usinas solares experimentais capacitam alunos de universidades mineiras"},"content":{"rendered":"<p>Alunos dos cursos de Engenharia El\u00e9trica e Ambiental de quatro universidades do interior de Minas Gerais \u2013 as Universidades Federais dos Vales do Jequitinhonha e Mucuri (UFVJM) e de Lavras (Ufla), o Centro Universit\u00e1rio de Patos de Minas (Unipam) e a Universidade Estadual de Montes Claros (Unimontes) \u2013 poder\u00e3o aprender, na pr\u00e1tica, sobre o processo de gera\u00e7\u00e3o de energia solar, por meio de usinas fotovoltaicas experimentais.<\/p>\n<p>Para a implanta\u00e7\u00e3o desse projeto, a Companhia Energ\u00e9tica de Minas Gerais &#8211; Cemig celebrou, nessa segunda-feira (30\/6), um conv\u00eanio de coopera\u00e7\u00e3o t\u00e9cnica com as universidades. A Empresa ir\u00e1 doar mil pain\u00e9is fotovoltaicos e fornecer treinamento e suporte t\u00e9cnico para a opera\u00e7\u00e3o e manuten\u00e7\u00e3o das usinas. As institui\u00e7\u00f5es de ensino ficar\u00e3o respons\u00e1veis pelos custos de transporte e demais equipamentos, como cabos, conex\u00f5es e inversores.<\/p>\n<p>De acordo com o gerente de Alternativas Energ\u00e9ticas da Cemig, Marco Aur\u00e9lio Dumont Porto, as usinas solares experimentais ter\u00e3o uma pot\u00eancia instalada de 13 kWp e ser\u00e3o utilizadas como laborat\u00f3rio, com interesse exclusivamente acad\u00eamico, de apoio e aprendizado pr\u00e1tico.  \u201cO principal objetivo \u00e9 disseminar tecnologias inovadoras e conscientizar os estudantes sobre a necessidade de expans\u00e3o da oferta de energia por meio de fontes limpas, renov\u00e1veis e sustent\u00e1veis\u201d, destaca.<\/p>\n<p>Ainda segundo o gerente, as usinas experimentais ir\u00e3o gerar conhecimento cient\u00edfico sobre os impactos de inser\u00e7\u00e3o da energia solar no sistema el\u00e9trico e sobre gera\u00e7\u00e3o distribu\u00edda, micro e minigera\u00e7\u00e3o integradas \u00e0 arquitetura das edifica\u00e7\u00f5es. Ele tamb\u00e9m ressalta a capacita\u00e7\u00e3o de profissionais altamente especializados como um importante resultado.<\/p>\n","protected":false},"excerpt":{"rendered":"<p>Alunos dos cursos de Engenharia El\u00e9trica e Ambiental de quatro universidades do interior de Minas Gerais \u2013 as Universidades Federais dos Vales do Jequitinhonha e Mucuri (UFVJM) e de Lavras (Ufla), o Centro Universit\u00e1rio de Patos de Minas (Unipam) e a Universidade Estadual de Montes Claros (Unimontes) \u2013 poder\u00e3o aprender, na pr\u00e1tica, sobre o processo [&hellip;]<\/p>\n","protected":false},"author":1,"featured_media":33621,"comment_status":"open","ping_status":"closed","sticky":false,"template":"","format":"standard","meta":{"amp_status":"","footnotes":""},"categories":[123],"tags":[10092,10090,250,763,10091,10089],"class_list":["post-33620","post","type-post","status-publish","format-standard","has-post-thumbnail","hentry","category-gerais","tag-alunos-da-ufvjm-aprenderao-na-pratica-o-processo-de-geracao-de-energia-solar","tag-ufla","tag-ufvjm","tag-unimontes","tag-unipam","tag-usinas-solares-experimentais-capacitam-alunos-de-universidades-mineiras"],"_links":{"self":[{"href":"https:\/\/aconteceunovale.com.br\/portal\/index.php?rest_route=\/wp\/v2\/posts\/33620","targetHints":{"allow":["GET"]}}],"collection":[{"href":"https:\/\/aconteceunovale.com.br\/portal\/index.php?rest_route=\/wp\/v2\/posts"}],"about":[{"href":"https:\/\/aconteceunovale.com.br\/portal\/index.php?rest_route=\/wp\/v2\/types\/post"}],"author":[{"embeddable":true,"href":"https:\/\/aconteceunovale.com.br\/portal\/index.php?rest_route=\/wp\/v2\/users\/1"}],"replies":[{"embeddable":true,"href":"https:\/\/aconteceunovale.com.br\/portal\/index.php?rest_route=%2Fwp%2Fv2%2Fcomments&post=33620"}],"version-history":[{"count":0,"href":"https:\/\/aconteceunovale.com.br\/portal\/index.php?rest_route=\/wp\/v2\/posts\/33620\/revisions"}],"wp:featuredmedia":[{"embeddable":true,"href":"https:\/\/aconteceunovale.com.br\/portal\/index.php?rest_route=\/wp\/v2\/media\/33621"}],"wp:attachment":[{"href":"https:\/\/aconteceunovale.com.br\/portal\/index.php?rest_route=%2Fwp%2Fv2%2Fmedia&parent=33620"}],"wp:term":[{"taxonomy":"category","embeddable":true,"href":"https:\/\/aconteceunovale.com.br\/portal\/index.php?rest_route=%2Fwp%2Fv2%2Fcategories&post=33620"},{"taxonomy":"post_tag","embeddable":true,"href":"https:\/\/aconteceunovale.com.br\/portal\/index.php?rest_route=%2Fwp%2Fv2%2Ftags&post=33620"}],"curies":[{"name":"wp","href":"https:\/\/api.w.org\/{rel}","templated":true}]}}