{"id":33615,"date":"2014-07-02T18:55:34","date_gmt":"2014-07-02T21:55:34","guid":{"rendered":"http:\/\/aconteceunovale.com.br\/portal\/?p=33615"},"modified":"2014-07-02T18:57:02","modified_gmt":"2014-07-02T21:57:02","slug":"cemig-amplia-capacidade-da-subestacao-jequitinhonha","status":"publish","type":"post","link":"https:\/\/aconteceunovale.com.br\/portal\/?p=33615","title":{"rendered":"Cemig amplia capacidade da subesta\u00e7\u00e3o Jequitinhonha"},"content":{"rendered":"<p>A Companhia Energ\u00e9tica de Minas Gerais \u2013 Cemig informa que concluiu, no final do m\u00eas de junho, as obras de amplia\u00e7\u00e3o da subesta\u00e7\u00e3o (SE) Jequitinhonha. Com um acr\u00e9scimo de 170% da pot\u00eancia instalada, a subesta\u00e7\u00e3o sai de uma opera\u00e7\u00e3o de 30 MVA para 81MVA (mega volts amp\u00e8re), a oferta extra de energia \u00e9 suficiente para abastecer uma regi\u00e3o com cerca de 160 mil consumidores.<\/p>\n<p>Para garantir o atendimento das novas demandas no fornecimento de energia el\u00e9trica da regi\u00e3o, a Empresa investiu  R$ 10 milh\u00f5es na constru\u00e7\u00e3o dessa obra, que ir\u00e1 proporcionar maior qualidade e confiabilidade no fornecimento de energia para quase 90 mil consumidores da regi\u00e3o.<\/p>\n<p>A SE Jequitinhonha agora conta com um transformador regulador de 15MVA e dois autotransformadores reguladores de 33MVA, al\u00e9m de sistemas de supervis\u00e3o, prote\u00e7\u00e3o e controle mais modernos.<\/p>\n<p>Devido \u00e0 alta complexidade dessa obra, a equipe envolvida nos empreendimentos de alta tens\u00e3o da Cemig enfrentou v\u00e1rios desafios durante sua execu\u00e7\u00e3o. Dentre estes, realizar a transfer\u00eancia das cargas com grande parte da linha energizada, permitindo a execu\u00e7\u00e3o da obra sem a interrup\u00e7\u00e3o do fornecimento de energia aos clientes da regi\u00e3o.<\/p>\n<p>Utilizando modernas solu\u00e7\u00f5es tecnol\u00f3gicas adequadas aos n\u00edveis das exig\u00eancias regulat\u00f3rias, a amplia\u00e7\u00e3o da subesta\u00e7\u00e3o oferece infraestrutura energ\u00e9tica para o desenvolvimento econ\u00f4mico e social da Regi\u00e3o do Vale do Jequitinhonha.<\/p>\n<p><img decoding=\"async\" src=\"http:\/\/aconteceunovale.com.br\/portal\/wp-content\/uploads\/2014\/07\/cemig_se_jequi_ampliada.jpg\" alt=\"\" \/><em>(Foto: Divulga\u00e7\u00e3o Cemig)<\/em><\/p>\n","protected":false},"excerpt":{"rendered":"<p>A Companhia Energ\u00e9tica de Minas Gerais \u2013 Cemig informa que concluiu, no final do m\u00eas de junho, as obras de amplia\u00e7\u00e3o da subesta\u00e7\u00e3o (SE) Jequitinhonha. Com um acr\u00e9scimo de 170% da pot\u00eancia instalada, a subesta\u00e7\u00e3o sai de uma opera\u00e7\u00e3o de 30 MVA para 81MVA (mega volts amp\u00e8re), a oferta extra de energia \u00e9 suficiente para [&hellip;]<\/p>\n","protected":false},"author":1,"featured_media":33616,"comment_status":"open","ping_status":"closed","sticky":false,"template":"","format":"standard","meta":{"amp_status":"","footnotes":""},"categories":[120],"tags":[10088,10086,10087],"class_list":["post-33615","post","type-post","status-publish","format-standard","has-post-thumbnail","hentry","category-jequi","tag-cemig-amplia-capacidade-da-subestacao-jequitinhonha","tag-cemig-amplia-mais-uma-subestacao-no-leste-de-minas","tag-subestacao-jequitinhonha"],"_links":{"self":[{"href":"https:\/\/aconteceunovale.com.br\/portal\/index.php?rest_route=\/wp\/v2\/posts\/33615","targetHints":{"allow":["GET"]}}],"collection":[{"href":"https:\/\/aconteceunovale.com.br\/portal\/index.php?rest_route=\/wp\/v2\/posts"}],"about":[{"href":"https:\/\/aconteceunovale.com.br\/portal\/index.php?rest_route=\/wp\/v2\/types\/post"}],"author":[{"embeddable":true,"href":"https:\/\/aconteceunovale.com.br\/portal\/index.php?rest_route=\/wp\/v2\/users\/1"}],"replies":[{"embeddable":true,"href":"https:\/\/aconteceunovale.com.br\/portal\/index.php?rest_route=%2Fwp%2Fv2%2Fcomments&post=33615"}],"version-history":[{"count":0,"href":"https:\/\/aconteceunovale.com.br\/portal\/index.php?rest_route=\/wp\/v2\/posts\/33615\/revisions"}],"wp:featuredmedia":[{"embeddable":true,"href":"https:\/\/aconteceunovale.com.br\/portal\/index.php?rest_route=\/wp\/v2\/media\/33616"}],"wp:attachment":[{"href":"https:\/\/aconteceunovale.com.br\/portal\/index.php?rest_route=%2Fwp%2Fv2%2Fmedia&parent=33615"}],"wp:term":[{"taxonomy":"category","embeddable":true,"href":"https:\/\/aconteceunovale.com.br\/portal\/index.php?rest_route=%2Fwp%2Fv2%2Fcategories&post=33615"},{"taxonomy":"post_tag","embeddable":true,"href":"https:\/\/aconteceunovale.com.br\/portal\/index.php?rest_route=%2Fwp%2Fv2%2Ftags&post=33615"}],"curies":[{"name":"wp","href":"https:\/\/api.w.org\/{rel}","templated":true}]}}