{"id":33613,"date":"2014-07-02T18:17:07","date_gmt":"2014-07-02T21:17:07","guid":{"rendered":"http:\/\/aconteceunovale.com.br\/portal\/?p=33613"},"modified":"2014-07-02T18:18:24","modified_gmt":"2014-07-02T21:18:24","slug":"engenheiro-que-ficou-sete-dias-desaparecido-em-diamantina-conta-como-sobreviveu","status":"publish","type":"post","link":"https:\/\/aconteceunovale.com.br\/portal\/?p=33613","title":{"rendered":"Engenheiro que ficou sete dias desaparecido em Diamantina conta como sobreviveu"},"content":{"rendered":"<p>Depois de sete dias desaparecido, o engenheiro civil Bruno Gusm\u00e3o est\u00e1 de volta ao conv\u00edvio da fam\u00edlia em Montes Claros, Norte de Minas Gerais.<\/p>\n<p>O carro do engenheiro foi encontrado batido na serra de Diamantina no domingo (22) sem nenhum pertence. Segundo a fam\u00edlia, Bruno participaria de uma reuni\u00e3o de neg\u00f3cios em Diamantina, a 220 km de Montes Claros na segunda-feira (23), mas desde o domingo n\u00e3o falou mais amigos ou parentes.<\/p>\n<p>Quando seguia de Couto Magalh\u00e3es de Minas para Diamantina, Bruno diz que perdeu o controle da dire\u00e7\u00e3o e bateu em um barranco, saindo da pista.<\/p>\n<p><img decoding=\"async\" src=\"http:\/\/aconteceunovale.com.br\/portal\/wp-content\/uploads\/2014\/06\/engenheiro_desaparecido_encontrado.jpg\" alt=\"\" \/><em>(Engenheiro recebeu atendimento em um hospital de Diamantina \u2013 Foto: Reprodu\u00e7\u00e3o Facebook)<\/em><br \/>\n<\/br><\/p>\n<p>\u201cSa\u00ed com uma mochila e meus pertences para o meio do mato. Como estava escuro e eu n\u00e3o conhecia o lugar, me perdi e andei em c\u00edrculos por v\u00e1rias vezes\u201d, diz.<\/p>\n<p>Bruno conta que durante esses dias dormiu em no meio do mato, em montanhas, vales de rios e lagos. \u201cComi laranjas e lim\u00f5es rosa, que encontrei na beira da pista. Bebi \u00e1gua do rio e at\u00e9 \u00e1gua suja. Nos primeiros dias tive disenteria e fiquei desidratado\u201d, afirma.<\/p>\n<p>Depois que o carro de Bruno foi encontrado pela Pol\u00edcia Rodovi\u00e1ria na Serra de Diamantina, o Corpo de Bombeiros foi acionado para fazer buscas pr\u00f3ximo ao local. No fim de semana, com o acompanhamento da fam\u00edlia, foram feitas por toda regi\u00e3o.<\/p>\n<p>\u201cEst\u00e1vamos com duas linhas de busca, uma na serra e outra na rodovia, pois recebemos informa\u00e7\u00f5es que ele poderia estar pedindo carona na estrada\u201d, explica o tenente Paulo C\u00e9sar Ferreira, do 3\u00ba Pelot\u00e3o de Bombeiros Militar.<\/p>\n<p>O tenente destaca que o local \u00e9 de dif\u00edcil deslocamento e a noite a temperatura nos \u00faltimos dias estava em torno de 7\u00baC.<\/p>\n<p>Bruno ressalta que foi ele mesmo quem ligou para o pai na tarde do domingo (29) para dizer onde estava.<\/p>\n<p>&#8220;Ele caminhou da serra at\u00e9 um bairro da periferia de Diamantina. Em um bar pediu o telefone emprestado ao dono e nos ligou. J\u00e1 est\u00e1vamos perdendo as esperan\u00e7as, mas agora estamos muito felizes, pois encontramos nosso filho vivo!\u201d, diz Ad\u00e3o Gusm\u00e3o, pai do jovem.<\/p>\n<p>Bruno foi encontrado no domingo (29) pr\u00f3ximo a Gruta de Lurdes, no bairro Palha, em Diamantina. A primeira pessoa da fam\u00edlia a v\u00ea-lo foi a tia, Cleide Marcia Souza, que acompanhou as buscas desde o in\u00edcio. \u201cEle chorou muito e nos abra\u00e7ou. Estava assustado e aliviado\u201d, lembra.<\/p>\n<p>Um dia antes de ser encontrado, Bruno recorda que dormiu em um casebre. \u201cL\u00e1 encontrei em um peda\u00e7o de papel com uma passagem do Salmo 125: \u2018Os que confiam no Senhor ser\u00e3o como o monte de Si\u00e3o, que n\u00e3o se abala, mas permanece para sempre\u2019. A mensagem parece que foi escrita por uma crian\u00e7a. Essa foi a mensagem de Deus para mim que me ajudou a n\u00e3o desistir\u201d, afirma.<\/p>\n<p>O engenheiro diz que precisa agora de um tempo para se recuperar e descansar, e espera que sua experi\u00eancia ajude outras pessoas a renovarem sua f\u00e9.<\/p>\n<p>&#8220;Os milagres a mim concedidos foram feitos por Deus com o prop\u00f3sito de que a f\u00e9 das pessoas fossem renovadas e n\u00e3o para adquirir m\u00eddia\u201d, conclui.<\/p>\n<p><img decoding=\"async\" src=\"http:\/\/aconteceunovale.com.br\/portal\/wp-content\/uploads\/2014\/06\/desaparecido_dtna_2.jpg\" alt=\"\" \/><em>(Ve\u00edculo foi encontrado na Serra Diamantina \u2013 Foto: Pol\u00edcia Militar)<\/em><br \/>\n<\/br><\/p>\n<p><img decoding=\"async\" src=\"http:\/\/aconteceunovale.com.br\/portal\/wp-content\/uploads\/2014\/06\/desaparecido_dtna_3.jpg\" alt=\"\" \/><em>(Ve\u00edculo foi encontrado na Serra Diamantina \u2013 Foto: Pol\u00edcia Militar)<\/em><br \/>\n<\/br><\/p>\n<p><strong><em>(Inter TV Grande Minas)<\/em><\/strong><\/p>\n","protected":false},"excerpt":{"rendered":"<p>Depois de sete dias desaparecido, o engenheiro civil Bruno Gusm\u00e3o est\u00e1 de volta ao conv\u00edvio da fam\u00edlia em Montes Claros, Norte de Minas Gerais. O carro do engenheiro foi encontrado batido na serra de Diamantina no domingo (22) sem nenhum pertence. Segundo a fam\u00edlia, Bruno participaria de uma reuni\u00e3o de neg\u00f3cios em Diamantina, a 220 [&hellip;]<\/p>\n","protected":false},"author":1,"featured_media":33288,"comment_status":"open","ping_status":"closed","sticky":false,"template":"","format":"standard","meta":{"amp_status":"","footnotes":""},"categories":[123],"tags":[9981,9565,9985,9984,4115,1018,198,9980,10085,9982,9983,9873,9872,210],"class_list":["post-33613","post","type-post","status-publish","format-standard","has-post-thumbnail","hentry","category-gerais","tag-bruno-gusmao-diz-que-nao-conseguiu-sair-da-mata-apos-sofrer-acidente","tag-bruno-souza-gusmao","tag-caso-bruno-gusmao","tag-caso-do-engenheiro-em-diamantina","tag-couto-de-magalhaes-de-minas","tag-destaque","tag-diamantina","tag-engenheiro-bruno-souza-gusmao","tag-engenheiro-que-ficou-sete-dias-desaparecido-em-diamantina-conta-como-sobreviveu","tag-explicacoes-sobre-o-caso-do-engenheiro-bruno-souza-gusmao","tag-explicacoes-sobre-o-desaparecimento-do-engenheiro-em-diamantina","tag-familia-encontra-engenheiro-que-estava-desaparecido-em-diamantina","tag-familia-encontra-o-engenheiro-bruno-souza-gusmao","tag-montes-claros"],"_links":{"self":[{"href":"https:\/\/aconteceunovale.com.br\/portal\/index.php?rest_route=\/wp\/v2\/posts\/33613","targetHints":{"allow":["GET"]}}],"collection":[{"href":"https:\/\/aconteceunovale.com.br\/portal\/index.php?rest_route=\/wp\/v2\/posts"}],"about":[{"href":"https:\/\/aconteceunovale.com.br\/portal\/index.php?rest_route=\/wp\/v2\/types\/post"}],"author":[{"embeddable":true,"href":"https:\/\/aconteceunovale.com.br\/portal\/index.php?rest_route=\/wp\/v2\/users\/1"}],"replies":[{"embeddable":true,"href":"https:\/\/aconteceunovale.com.br\/portal\/index.php?rest_route=%2Fwp%2Fv2%2Fcomments&post=33613"}],"version-history":[{"count":0,"href":"https:\/\/aconteceunovale.com.br\/portal\/index.php?rest_route=\/wp\/v2\/posts\/33613\/revisions"}],"wp:featuredmedia":[{"embeddable":true,"href":"https:\/\/aconteceunovale.com.br\/portal\/index.php?rest_route=\/wp\/v2\/media\/33288"}],"wp:attachment":[{"href":"https:\/\/aconteceunovale.com.br\/portal\/index.php?rest_route=%2Fwp%2Fv2%2Fmedia&parent=33613"}],"wp:term":[{"taxonomy":"category","embeddable":true,"href":"https:\/\/aconteceunovale.com.br\/portal\/index.php?rest_route=%2Fwp%2Fv2%2Fcategories&post=33613"},{"taxonomy":"post_tag","embeddable":true,"href":"https:\/\/aconteceunovale.com.br\/portal\/index.php?rest_route=%2Fwp%2Fv2%2Ftags&post=33613"}],"curies":[{"name":"wp","href":"https:\/\/api.w.org\/{rel}","templated":true}]}}