{"id":33604,"date":"2014-07-02T17:24:17","date_gmt":"2014-07-02T20:24:17","guid":{"rendered":"http:\/\/aconteceunovale.com.br\/portal\/?p=33604"},"modified":"2014-07-02T17:24:17","modified_gmt":"2014-07-02T20:24:17","slug":"motorista-que-se-envolveu-em-acidente-que-matou-jornalista-argentina-e-autuado-por-homicidio-culposo","status":"publish","type":"post","link":"https:\/\/aconteceunovale.com.br\/portal\/?p=33604","title":{"rendered":"Motorista que se envolveu em acidente que matou jornalista argentina \u00e9 autuado por homic\u00eddio culposo"},"content":{"rendered":"<p>O motorista que se envolveu no acidente que terminou na morte da jornalista argentina Maria Soledad Fern\u00e1ndez, 26 anos, ser\u00e1 autuado em flagrante por homic\u00eddio culposo &#8211; quando n\u00e3o h\u00e1 inten\u00e7\u00e3o de matar \u2013 omiss\u00e3o de socorro e por ter fugido. O homem, que n\u00e3o teve o nome divulgado, e o passageiro do carro foram ouvidos nesta manh\u00e3 pelo delegado Douglas Camarano, da cidade de Carmo da Mata. Eles estavam no Golf que bateu na traseira do Dobl\u00f4 em que estava a rep\u00f3rter. <\/p>\n<p>Os dois foram encontrados minutos depois do acidente em um posto de combust\u00edvel depois de fugirem do local. Os agentes da Pol\u00edcia Rodovi\u00e1ria Federal (PRF) desconfiaram da din\u00e2mica da capotagem e fizeram uma ronda, momento em que viram o Golf estacionado, com a frente danificada, e dois homens tentando fugir a p\u00e9. <\/p>\n<p><img decoding=\"async\" src=\"http:\/\/aconteceunovale.com.br\/portal\/wp-content\/uploads\/2014\/07\/jornalista_argentina_morre_381_1.jpg\" alt=\"\" \/><em>(Foto: Marcelo Praxedes \/ R\u00e1dio Sociedade AM)<\/em><br \/>\n<\/br><\/p>\n<p>Os suspeitos foram encaminhados para a delegacia onde prestaram depoimento. De acordo com o delegado Douglas Camarano, o condutor foi autuado em flagrante. J\u00e1 o passageiro \u00e0 princ\u00edpio deve ser liberado. A pol\u00edcia vai fazer ainda uma per\u00edcia no carro onde eles estavam. <\/p>\n<p>O acidente aconteceu na madrugada desta quarta-feira na BR-381, em Oliveira, Regi\u00e3o Centro-Oeste de Minas Gerais. A rep\u00f3rter seguia de S\u00e3o Paulo para Belo Horizonte com a equipe que veio de Buenos Aires para cobertura da Copa do Mundo. A sele\u00e7\u00e3o da Argentina jogou ontem no Itaquer\u00e3o e voltou para o Centro de Treinamento do Atl\u00e9tico-MG em Vespasiano, na Grande BH, onde treinam. <\/p>\n<p>Soledad e dois colegas seguiam em um Fiat Dobl\u00f4 alugado, com placa de BH. O ve\u00edculo saiu da pista na altura do km 619, capotou e caiu em uma ribanceira de aproximadamente seis metros de altura. De acordo com a Pol\u00edcia Rodovi\u00e1ria Federal (PRF), um Golf bateu violentamente na traseira do Dobl\u00f4, empurrado o para fora da pista. O corpo da mulher, segundo o Corpo de Bombeiros, foi arremesado para fora do ve\u00edculo. De acordo com o cabo Daniel Fernandes, do pelot\u00e3o de Oliveira, a per\u00edcia constatou que ela n\u00e3o usava o cinto de seguran\u00e7a.<\/p>\n<p>Segundo jornais argentinos, Maria Soledad \u00e9 filha do famoso jornalista esportivo Tit\u00ed Fern\u00e1ndez, que tamb\u00e9m est\u00e1 no Brasil para cobertura do Mundial. Titi trabalha na Fox Sports e tem programa na TV P\u00fablica da Argentina. A jovem trabalhava para a produtora de TV Torneos y Competencias, especializada em conte\u00fado esportivo. A empresa disse que n\u00e3o vai comentar o assunto. <\/p>\n<p><img decoding=\"async\" src=\"http:\/\/aconteceunovale.com.br\/portal\/wp-content\/uploads\/2014\/07\/jornalista_argentina_morre_381_3.jpg\" alt=\"\" \/><em>(Foto de pai e filha em restaurante na Regi\u00e3o da Pampulha, em BH)<\/em><br \/>\n<\/br><\/p>\n<p>A jornalista estava acompanhada de dois colegas. O motorista do Dobl\u00f4 \u00e9 Fernando Javier Bruno, 41 anos, que foi socorrido com ferimentos. O outro passageiro \u00e9 Juan Daniel Berazagueti, 43 anos, tamb\u00e9m socorrido pelas equipes da concession\u00e1ria que administra a rodovia. <\/p>\n<p>Os dois foram levados para o Hospital de Oliveira, mas depois transferidos para o Hospital Municipal de Betim. Os pacientes sofreram apenas escoria\u00e7\u00f5es e est\u00e3o internados em situa\u00e7\u00e3o est\u00e1vel, por\u00e9m muito traumatizados. O Consulado da Argentina em Belo Horizonte est\u00e1 acompanhando o caso e enviou o c\u00f4nsul-adjunto ao hospital.<\/p>\n<h4><strong>Repercuss\u00e3o<\/strong><\/h4>\n<p>Jornais internacionais e jornalistas argentinos repercutiram a morte da jovem nesta manh\u00e3, principalmente prestando condol\u00eancias ao pai da jornalista. Alguns inseriram a hashtag #somosargentina, marca\u00e7\u00e3o usada para a apoiar a sele\u00e7\u00e3o na Copa. <\/p>\n<h4><strong>Nota de pesar<\/strong><\/h4>\n<p>O governador de Minas Gerais, Alberto Pinto Coelho lamentou a morte da jornalista. \u201cNeste momento de dor, levo aos familiares, amigos e colegas de trabalho de Maria Soledad Fernandez, a solidariedade e conforto de todos os mineiros. Estes dias est\u00e3o irmanando mais ainda mineiros e argentinos, e ela estava levando para o seu povo as boas not\u00edcias da sele\u00e7\u00e3o de seu pa\u00eds na Copa do Mundo e documentando esse importante momento, para o qual, certamente, contribuiu, por fazer parte\u201d, afirmou. Ele tamb\u00e9m desejou o pronto restabelecimento dos dois profissionais \u2013 Juan Daniel Berazegueti e Fernando Javier Bruno, feridos no mesmo acidente e hospitalizados em Betim.<\/p>\n<h4><strong>GALERIA DE FOTOS<\/strong><\/h4>\n<p><img decoding=\"async\" src=\"http:\/\/aconteceunovale.com.br\/portal\/wp-content\/uploads\/2014\/07\/jornalista_argentina_morre_381_4.jpg\" alt=\"\" \/><br \/>\n<div id='gallery-1' class='gallery galleryid-33604 gallery-columns-5 gallery-size-thumbnail'><figure class='gallery-item'>\n\t\t\t<div class='gallery-icon landscape'>\n\t\t\t\t<a href='https:\/\/aconteceunovale.com.br\/portal\/wp-content\/uploads\/2014\/07\/morte_argentina_1.jpg'><img loading=\"lazy\" decoding=\"async\" width=\"150\" height=\"150\" src=\"https:\/\/aconteceunovale.com.br\/portal\/wp-content\/uploads\/2014\/07\/morte_argentina_1-150x150.jpg\" class=\"attachment-thumbnail size-thumbnail\" alt=\"\" \/><\/a>\n\t\t\t<\/div><\/figure><figure class='gallery-item'>\n\t\t\t<div class='gallery-icon landscape'>\n\t\t\t\t<a href='https:\/\/aconteceunovale.com.br\/portal\/wp-content\/uploads\/2014\/07\/morte_argentina_2.jpg'><img loading=\"lazy\" decoding=\"async\" width=\"150\" height=\"150\" src=\"https:\/\/aconteceunovale.com.br\/portal\/wp-content\/uploads\/2014\/07\/morte_argentina_2-150x150.jpg\" class=\"attachment-thumbnail size-thumbnail\" alt=\"\" \/><\/a>\n\t\t\t<\/div><\/figure><figure class='gallery-item'>\n\t\t\t<div class='gallery-icon landscape'>\n\t\t\t\t<a href='https:\/\/aconteceunovale.com.br\/portal\/wp-content\/uploads\/2014\/07\/morte_argentina_3.jpg'><img loading=\"lazy\" decoding=\"async\" width=\"150\" height=\"146\" src=\"https:\/\/aconteceunovale.com.br\/portal\/wp-content\/uploads\/2014\/07\/morte_argentina_3-150x146.jpg\" class=\"attachment-thumbnail size-thumbnail\" alt=\"\" \/><\/a>\n\t\t\t<\/div><\/figure><figure class='gallery-item'>\n\t\t\t<div class='gallery-icon landscape'>\n\t\t\t\t<a href='https:\/\/aconteceunovale.com.br\/portal\/wp-content\/uploads\/2014\/07\/morte_argentina_4.jpg'><img loading=\"lazy\" decoding=\"async\" width=\"150\" height=\"150\" src=\"https:\/\/aconteceunovale.com.br\/portal\/wp-content\/uploads\/2014\/07\/morte_argentina_4-150x150.jpg\" class=\"attachment-thumbnail size-thumbnail\" alt=\"\" \/><\/a>\n\t\t\t<\/div><\/figure><figure class='gallery-item'>\n\t\t\t<div class='gallery-icon landscape'>\n\t\t\t\t<a href='https:\/\/aconteceunovale.com.br\/portal\/wp-content\/uploads\/2014\/07\/morte_argentina_5.jpg'><img loading=\"lazy\" decoding=\"async\" width=\"150\" height=\"150\" src=\"https:\/\/aconteceunovale.com.br\/portal\/wp-content\/uploads\/2014\/07\/morte_argentina_5-150x150.jpg\" class=\"attachment-thumbnail size-thumbnail\" alt=\"\" \/><\/a>\n\t\t\t<\/div><\/figure><figure class='gallery-item'>\n\t\t\t<div class='gallery-icon landscape'>\n\t\t\t\t<a href='https:\/\/aconteceunovale.com.br\/portal\/wp-content\/uploads\/2014\/07\/morte_argentina_6.jpg'><img loading=\"lazy\" decoding=\"async\" width=\"150\" height=\"150\" src=\"https:\/\/aconteceunovale.com.br\/portal\/wp-content\/uploads\/2014\/07\/morte_argentina_6-150x150.jpg\" class=\"attachment-thumbnail size-thumbnail\" alt=\"\" \/><\/a>\n\t\t\t<\/div><\/figure><figure class='gallery-item'>\n\t\t\t<div class='gallery-icon landscape'>\n\t\t\t\t<a href='https:\/\/aconteceunovale.com.br\/portal\/wp-content\/uploads\/2014\/07\/morte_argentina_7.jpg'><img loading=\"lazy\" decoding=\"async\" width=\"150\" height=\"150\" src=\"https:\/\/aconteceunovale.com.br\/portal\/wp-content\/uploads\/2014\/07\/morte_argentina_7-150x150.jpg\" class=\"attachment-thumbnail size-thumbnail\" alt=\"\" \/><\/a>\n\t\t\t<\/div><\/figure><figure class='gallery-item'>\n\t\t\t<div class='gallery-icon landscape'>\n\t\t\t\t<a href='https:\/\/aconteceunovale.com.br\/portal\/wp-content\/uploads\/2014\/07\/morte_argentina_8.jpg'><img loading=\"lazy\" decoding=\"async\" width=\"150\" height=\"150\" src=\"https:\/\/aconteceunovale.com.br\/portal\/wp-content\/uploads\/2014\/07\/morte_argentina_8-150x150.jpg\" class=\"attachment-thumbnail size-thumbnail\" alt=\"\" \/><\/a>\n\t\t\t<\/div><\/figure><figure class='gallery-item'>\n\t\t\t<div class='gallery-icon portrait'>\n\t\t\t\t<a href='https:\/\/aconteceunovale.com.br\/portal\/wp-content\/uploads\/2014\/07\/morte_argentina_9.jpg'><img loading=\"lazy\" decoding=\"async\" width=\"150\" height=\"150\" src=\"https:\/\/aconteceunovale.com.br\/portal\/wp-content\/uploads\/2014\/07\/morte_argentina_9-150x150.jpg\" class=\"attachment-thumbnail size-thumbnail\" alt=\"\" \/><\/a>\n\t\t\t<\/div><\/figure><figure class='gallery-item'>\n\t\t\t<div class='gallery-icon portrait'>\n\t\t\t\t<a href='https:\/\/aconteceunovale.com.br\/portal\/wp-content\/uploads\/2014\/07\/morte_argentina_10.jpg'><img loading=\"lazy\" decoding=\"async\" width=\"150\" height=\"150\" src=\"https:\/\/aconteceunovale.com.br\/portal\/wp-content\/uploads\/2014\/07\/morte_argentina_10-150x150.jpg\" class=\"attachment-thumbnail size-thumbnail\" alt=\"\" \/><\/a>\n\t\t\t<\/div><\/figure><figure class='gallery-item'>\n\t\t\t<div class='gallery-icon landscape'>\n\t\t\t\t<a href='https:\/\/aconteceunovale.com.br\/portal\/wp-content\/uploads\/2014\/07\/morte_argentina_11.jpg'><img loading=\"lazy\" decoding=\"async\" width=\"150\" height=\"150\" src=\"https:\/\/aconteceunovale.com.br\/portal\/wp-content\/uploads\/2014\/07\/morte_argentina_11-150x150.jpg\" class=\"attachment-thumbnail size-thumbnail\" alt=\"\" \/><\/a>\n\t\t\t<\/div><\/figure><figure class='gallery-item'>\n\t\t\t<div class='gallery-icon landscape'>\n\t\t\t\t<a href='https:\/\/aconteceunovale.com.br\/portal\/wp-content\/uploads\/2014\/07\/morte_argentina_12.jpg'><img loading=\"lazy\" decoding=\"async\" width=\"150\" height=\"150\" src=\"https:\/\/aconteceunovale.com.br\/portal\/wp-content\/uploads\/2014\/07\/morte_argentina_12-150x150.jpg\" class=\"attachment-thumbnail size-thumbnail\" alt=\"\" \/><\/a>\n\t\t\t<\/div><\/figure><figure class='gallery-item'>\n\t\t\t<div class='gallery-icon portrait'>\n\t\t\t\t<a href='https:\/\/aconteceunovale.com.br\/portal\/wp-content\/uploads\/2014\/07\/morte_argentina_13.jpg'><img loading=\"lazy\" decoding=\"async\" width=\"150\" height=\"150\" src=\"https:\/\/aconteceunovale.com.br\/portal\/wp-content\/uploads\/2014\/07\/morte_argentina_13-150x150.jpg\" class=\"attachment-thumbnail size-thumbnail\" alt=\"\" \/><\/a>\n\t\t\t<\/div><\/figure><figure class='gallery-item'>\n\t\t\t<div class='gallery-icon portrait'>\n\t\t\t\t<a href='https:\/\/aconteceunovale.com.br\/portal\/wp-content\/uploads\/2014\/07\/morte_argentina_14.jpg'><img loading=\"lazy\" decoding=\"async\" width=\"150\" height=\"150\" src=\"https:\/\/aconteceunovale.com.br\/portal\/wp-content\/uploads\/2014\/07\/morte_argentina_14-150x150.jpg\" class=\"attachment-thumbnail size-thumbnail\" alt=\"\" \/><\/a>\n\t\t\t<\/div><\/figure><figure class='gallery-item'>\n\t\t\t<div class='gallery-icon portrait'>\n\t\t\t\t<a href='https:\/\/aconteceunovale.com.br\/portal\/wp-content\/uploads\/2014\/07\/morte_argentina_15.jpg'><img loading=\"lazy\" decoding=\"async\" width=\"150\" height=\"150\" src=\"https:\/\/aconteceunovale.com.br\/portal\/wp-content\/uploads\/2014\/07\/morte_argentina_15-150x150.jpg\" class=\"attachment-thumbnail size-thumbnail\" alt=\"\" \/><\/a>\n\t\t\t<\/div><\/figure>\n\t\t<\/div>\n<\/p>\n<p><strong><em>(Fonte: Jornal Estado de Minas)<\/em><\/strong><\/p>\n","protected":false},"excerpt":{"rendered":"<p>O motorista que se envolveu no acidente que terminou na morte da jornalista argentina Maria Soledad Fern\u00e1ndez, 26 anos, ser\u00e1 autuado em flagrante por homic\u00eddio culposo &#8211; quando n\u00e3o h\u00e1 inten\u00e7\u00e3o de matar \u2013 omiss\u00e3o de socorro e por ter fugido. O homem, que n\u00e3o teve o nome divulgado, e o passageiro do carro foram [&hellip;]<\/p>\n","protected":false},"author":1,"featured_media":33605,"comment_status":"open","ping_status":"closed","sticky":false,"template":"","format":"standard","meta":{"amp_status":"","footnotes":""},"categories":[123],"tags":[1018,10063,10067,10064,10059,10061,10066,10083,10060,10062,10065],"class_list":["post-33604","post","type-post","status-publish","format-standard","has-post-thumbnail","hentry","category-gerais","tag-destaque","tag-fernando-javier-bruno","tag-jornalista-argentina-morre-em-acidente-na-br-381","tag-juan-daniel-berazagueti","tag-ma-jornalista-argentina-morreu-na-madrugada-desta-quarta-feira-em-um-acidente-na-br-381","tag-maria-soledad-fernandez","tag-morte-da-filha-de-titi-fernandez-no-brasil","tag-motorista-que-se-envolveu-em-acidente-que-matou-jornalista-argentina-e-autuado-por-homicidio-culposo","tag-oliveira","tag-seguia-de-sao-paulo-para-belo-horizonte-com-a-equipe-que-veio-de-buenos-aires-para-cobertura-da-copa-do-mundo","tag-titi-fernandez"],"_links":{"self":[{"href":"https:\/\/aconteceunovale.com.br\/portal\/index.php?rest_route=\/wp\/v2\/posts\/33604","targetHints":{"allow":["GET"]}}],"collection":[{"href":"https:\/\/aconteceunovale.com.br\/portal\/index.php?rest_route=\/wp\/v2\/posts"}],"about":[{"href":"https:\/\/aconteceunovale.com.br\/portal\/index.php?rest_route=\/wp\/v2\/types\/post"}],"author":[{"embeddable":true,"href":"https:\/\/aconteceunovale.com.br\/portal\/index.php?rest_route=\/wp\/v2\/users\/1"}],"replies":[{"embeddable":true,"href":"https:\/\/aconteceunovale.com.br\/portal\/index.php?rest_route=%2Fwp%2Fv2%2Fcomments&post=33604"}],"version-history":[{"count":0,"href":"https:\/\/aconteceunovale.com.br\/portal\/index.php?rest_route=\/wp\/v2\/posts\/33604\/revisions"}],"wp:featuredmedia":[{"embeddable":true,"href":"https:\/\/aconteceunovale.com.br\/portal\/index.php?rest_route=\/wp\/v2\/media\/33605"}],"wp:attachment":[{"href":"https:\/\/aconteceunovale.com.br\/portal\/index.php?rest_route=%2Fwp%2Fv2%2Fmedia&parent=33604"}],"wp:term":[{"taxonomy":"category","embeddable":true,"href":"https:\/\/aconteceunovale.com.br\/portal\/index.php?rest_route=%2Fwp%2Fv2%2Fcategories&post=33604"},{"taxonomy":"post_tag","embeddable":true,"href":"https:\/\/aconteceunovale.com.br\/portal\/index.php?rest_route=%2Fwp%2Fv2%2Ftags&post=33604"}],"curies":[{"name":"wp","href":"https:\/\/api.w.org\/{rel}","templated":true}]}}