{"id":33599,"date":"2014-07-02T17:07:31","date_gmt":"2014-07-02T20:07:31","guid":{"rendered":"http:\/\/aconteceunovale.com.br\/portal\/?p=33599"},"modified":"2014-07-02T17:07:31","modified_gmt":"2014-07-02T20:07:31","slug":"delegados-da-policia-civil-fazem-paralisacao-de-12-horas-em-todo-o-estado-nesta-quarta","status":"publish","type":"post","link":"https:\/\/aconteceunovale.com.br\/portal\/?p=33599","title":{"rendered":"Delegados da Pol\u00edcia Civil fazem paralisa\u00e7\u00e3o de 12 horas em todo o estado nesta quarta"},"content":{"rendered":"<p>Delegados da Pol\u00edcia Civil de Minas Gerais est\u00e3o de bra\u00e7os cruzados nesta quarta-feira (2). Eles fazem uma paralisa\u00e7\u00e3o desde \u00e0s 8h, prevista para terminar \u00e0s 20h.<\/p>\n<p>De acordo com o Sindicato dos Delegados de Pol\u00edcia dos Estado de Minas Gerais (Sindepominas), o gesto \u00e9 uma forma de chamar a aten\u00e7\u00e3o do governo estadual para a reivindica\u00e7\u00e3o, no caso a antecipa\u00e7\u00e3o de reajuste salarial da categoria.<\/p>\n<p>Eles reclamam que o reajuste foi concedido para defensores p\u00fablicos a partir de julho, crit\u00e9rio que n\u00e3o foi igualmente observado para os delegados, que s\u00f3 devem ter aumento a partir de 2015.<\/p>\n<p>O sindicato diz que se reuniu com a secret\u00e1ria de Estado de Planejamento e Gest\u00e3o, Renata Vilhena, mas que n\u00e3o obteve retorno do governo para as demandas solicitadas.<\/p>\n<p>Segundo o Sindepominas, a paralisa\u00e7\u00e3o ocorre em todo o estado, e somente casos de extrema import\u00e2ncia ser\u00e3o atendidos. Muitos dos 1.260 delegados que trabalham em Minas, e comparecerem ao trabalho, ficar\u00e3o de bra\u00e7os cruzados, de acordo com o sindicato.<\/p>\n<p>Uma assembleia geral est\u00e1 marcada para \u00e0s 15h30, na pra\u00e7a Halfeld, em Juiz de Fora, munic\u00edpio da Zona da Mata mineira.<\/p>\n<p>Esta \u00e9 a segunda paralisa\u00e7\u00e3o dos delegados em duas semanas. Eles j\u00e1 haviam realizado outra paralisa\u00e7\u00e3o de 12 horas no dia 24 de junho, quando se reuniram \u00e0 tarde, em frente \u00e0 Assembleia Legislativa de Minas Gerais (ALMG).<\/p>\n<p><img decoding=\"async\" src=\"http:\/\/aconteceunovale.com.br\/portal\/wp-content\/uploads\/2014\/07\/delegados_paralisacao_02_7.jpg\" alt=\"\" \/><\/p>\n<p><strong><em>(Foto: Sindepominas \/ Fonte: O Tempo)<\/em><\/strong><\/p>\n","protected":false},"excerpt":{"rendered":"<p>Delegados da Pol\u00edcia Civil de Minas Gerais est\u00e3o de bra\u00e7os cruzados nesta quarta-feira (2). Eles fazem uma paralisa\u00e7\u00e3o desde \u00e0s 8h, prevista para terminar \u00e0s 20h. De acordo com o Sindicato dos Delegados de Pol\u00edcia dos Estado de Minas Gerais (Sindepominas), o gesto \u00e9 uma forma de chamar a aten\u00e7\u00e3o do governo estadual para a [&hellip;]<\/p>\n","protected":false},"author":1,"featured_media":33600,"comment_status":"open","ping_status":"closed","sticky":false,"template":"","format":"standard","meta":{"amp_status":"","footnotes":""},"categories":[123],"tags":[10079,10080],"class_list":["post-33599","post","type-post","status-publish","format-standard","has-post-thumbnail","hentry","category-gerais","tag-delegados-da-policia-civil-fazem-paralisacao-de-12-horas-em-todo-o-estado-nesta-quarta","tag-paralisacao-de-12-horas-dos-delegados-da-policia-civil"],"_links":{"self":[{"href":"https:\/\/aconteceunovale.com.br\/portal\/index.php?rest_route=\/wp\/v2\/posts\/33599","targetHints":{"allow":["GET"]}}],"collection":[{"href":"https:\/\/aconteceunovale.com.br\/portal\/index.php?rest_route=\/wp\/v2\/posts"}],"about":[{"href":"https:\/\/aconteceunovale.com.br\/portal\/index.php?rest_route=\/wp\/v2\/types\/post"}],"author":[{"embeddable":true,"href":"https:\/\/aconteceunovale.com.br\/portal\/index.php?rest_route=\/wp\/v2\/users\/1"}],"replies":[{"embeddable":true,"href":"https:\/\/aconteceunovale.com.br\/portal\/index.php?rest_route=%2Fwp%2Fv2%2Fcomments&post=33599"}],"version-history":[{"count":0,"href":"https:\/\/aconteceunovale.com.br\/portal\/index.php?rest_route=\/wp\/v2\/posts\/33599\/revisions"}],"wp:featuredmedia":[{"embeddable":true,"href":"https:\/\/aconteceunovale.com.br\/portal\/index.php?rest_route=\/wp\/v2\/media\/33600"}],"wp:attachment":[{"href":"https:\/\/aconteceunovale.com.br\/portal\/index.php?rest_route=%2Fwp%2Fv2%2Fmedia&parent=33599"}],"wp:term":[{"taxonomy":"category","embeddable":true,"href":"https:\/\/aconteceunovale.com.br\/portal\/index.php?rest_route=%2Fwp%2Fv2%2Fcategories&post=33599"},{"taxonomy":"post_tag","embeddable":true,"href":"https:\/\/aconteceunovale.com.br\/portal\/index.php?rest_route=%2Fwp%2Fv2%2Ftags&post=33599"}],"curies":[{"name":"wp","href":"https:\/\/api.w.org\/{rel}","templated":true}]}}