{"id":33596,"date":"2014-07-02T16:54:01","date_gmt":"2014-07-02T19:54:01","guid":{"rendered":"http:\/\/aconteceunovale.com.br\/portal\/?p=33596"},"modified":"2014-07-02T16:54:01","modified_gmt":"2014-07-02T19:54:01","slug":"nesta-quarta-feira-2-de-julho-e-comemorado-o-dia-do-bombeiro","status":"publish","type":"post","link":"https:\/\/aconteceunovale.com.br\/portal\/?p=33596","title":{"rendered":"Nesta quarta-feira, 2 de julho, \u00e9 comemorado o Dia do Bombeiro"},"content":{"rendered":"<p>O Dia Nacional do Bombeiro, celebrado nesta quarta-feira (02\/07), \u00e9 comemorado pela corpora\u00e7\u00e3o em Minas Gerais com a Semana Nacional de Preven\u00e7\u00e3o contra Inc\u00eandio. Uma pesquisa feita por um instituto alem\u00e3o mostra que o bombeiro \u00e9 a profissional que o brasileiro mais confia.<\/p>\n<p>\u201c\u00c9 muito gratificante fazer parte dessa institui\u00e7\u00e3o. Para n\u00f3s n\u00e3o \u00e9 um trabalho, \u00e9 um prazer. Bombeiro est\u00e1 relacionado com salvar vidas e \u00e9 muito gratificante essa semana de preven\u00e7\u00e3o, comemorando o Dia Nacional do Bombeiro, para lembrar do trabalho desses bravos soldados do fogo\u201d, disse o tenente F\u00e1bio, coordenador do 2\u00ba batalh\u00e3o de Contagem, Regi\u00e3o Metropolitana de BH.  <\/p>\n<p>Durante a semana os bombeiros intensificam as a\u00e7\u00f5es, com objetivo de conscientizar a popula\u00e7\u00e3o sobre a import\u00e2ncia da preven\u00e7\u00e3o e promover uma reflex\u00e3o sobre o valor da vida e a preserva\u00e7\u00e3o ambiental e patrimonial.<\/p>\n<p>O Dia do Bombeiro foi institu\u00eddo em de 2 de abril de 1954, para marcar os 98 anos de implanta\u00e7\u00e3o do servi\u00e7o de combate a inc\u00eandio (2 de julho de 1856). Na data, o monarca Dom Pedro II assinou o decreto imperial, regulamentou pela primeira vez o Servi\u00e7o de Extin\u00e7\u00e3o de Inc\u00eandios no Brasil e criou o Corpo de Bombeiros Provis\u00f3rio da Corte. A mesma legisla\u00e7\u00e3o instituiu a realiza\u00e7\u00e3o da Semana de Preven\u00e7\u00e3o contra Inc\u00eandio, visando atividades que minimizam as ocorr\u00eancias.<\/p>\n<p><img decoding=\"async\" src=\"http:\/\/aconteceunovale.com.br\/portal\/wp-content\/uploads\/2014\/07\/dia_do_bombeiro_2014.jpg\" alt=\"\" \/><\/p>\n<p><em>(Foto: P\u00e1gina do Corpo de Bombeiros de Minas Gerais \/ Fonte: R\u00e1dio Itatiaia)<\/em><\/p>\n","protected":false},"excerpt":{"rendered":"<p>O Dia Nacional do Bombeiro, celebrado nesta quarta-feira (02\/07), \u00e9 comemorado pela corpora\u00e7\u00e3o em Minas Gerais com a Semana Nacional de Preven\u00e7\u00e3o contra Inc\u00eandio. Uma pesquisa feita por um instituto alem\u00e3o mostra que o bombeiro \u00e9 a profissional que o brasileiro mais confia. \u201c\u00c9 muito gratificante fazer parte dessa institui\u00e7\u00e3o. Para n\u00f3s n\u00e3o \u00e9 um [&hellip;]<\/p>\n","protected":false},"author":1,"featured_media":33597,"comment_status":"open","ping_status":"closed","sticky":false,"template":"","format":"standard","meta":{"amp_status":"","footnotes":""},"categories":[6],"tags":[1018,10078],"class_list":["post-33596","post","type-post","status-publish","format-standard","has-post-thumbnail","hentry","category-br","tag-destaque","tag-dia-do-bombeiro"],"_links":{"self":[{"href":"https:\/\/aconteceunovale.com.br\/portal\/index.php?rest_route=\/wp\/v2\/posts\/33596","targetHints":{"allow":["GET"]}}],"collection":[{"href":"https:\/\/aconteceunovale.com.br\/portal\/index.php?rest_route=\/wp\/v2\/posts"}],"about":[{"href":"https:\/\/aconteceunovale.com.br\/portal\/index.php?rest_route=\/wp\/v2\/types\/post"}],"author":[{"embeddable":true,"href":"https:\/\/aconteceunovale.com.br\/portal\/index.php?rest_route=\/wp\/v2\/users\/1"}],"replies":[{"embeddable":true,"href":"https:\/\/aconteceunovale.com.br\/portal\/index.php?rest_route=%2Fwp%2Fv2%2Fcomments&post=33596"}],"version-history":[{"count":0,"href":"https:\/\/aconteceunovale.com.br\/portal\/index.php?rest_route=\/wp\/v2\/posts\/33596\/revisions"}],"wp:featuredmedia":[{"embeddable":true,"href":"https:\/\/aconteceunovale.com.br\/portal\/index.php?rest_route=\/wp\/v2\/media\/33597"}],"wp:attachment":[{"href":"https:\/\/aconteceunovale.com.br\/portal\/index.php?rest_route=%2Fwp%2Fv2%2Fmedia&parent=33596"}],"wp:term":[{"taxonomy":"category","embeddable":true,"href":"https:\/\/aconteceunovale.com.br\/portal\/index.php?rest_route=%2Fwp%2Fv2%2Fcategories&post=33596"},{"taxonomy":"post_tag","embeddable":true,"href":"https:\/\/aconteceunovale.com.br\/portal\/index.php?rest_route=%2Fwp%2Fv2%2Ftags&post=33596"}],"curies":[{"name":"wp","href":"https:\/\/api.w.org\/{rel}","templated":true}]}}