{"id":33574,"date":"2014-07-02T14:06:11","date_gmt":"2014-07-02T17:06:11","guid":{"rendered":"http:\/\/aconteceunovale.com.br\/portal\/?p=33574"},"modified":"2014-07-02T14:07:06","modified_gmt":"2014-07-02T17:07:06","slug":"padrasto-que-ajudou-chicotear-enteado-ate-a-morte-e-agredido-na-prisao","status":"publish","type":"post","link":"https:\/\/aconteceunovale.com.br\/portal\/?p=33574","title":{"rendered":"Padrasto que ajudou chicotear enteado at\u00e9 a morte \u00e9 agredido na pris\u00e3o"},"content":{"rendered":"<p>O homem que foi preso ap\u00f3s ajudar a chicotear o enteado de 7 anos at\u00e9 a morte e espancar outros dois filhos de sua companheira, de 3 e 4 anos, em Santa B\u00e1rbara do Leste, no Vale do Rio Doce, foi agredido por detentos do Pres\u00eddio de Caratinga. A informa\u00e7\u00e3o foi confirmada na manh\u00e3 desta quarta-feira (2) pela  Secretaria de Estado de Defesa Social (Seds).<\/p>\n<p>Segundo a secretaria, Jos\u00e9 Mateus da Silva sofreu escoria\u00e7\u00f5es leves pelo corpo e um corte da testa. As agress\u00f5es foram contidas por agentes penitenci\u00e1rios que perceberam a agita\u00e7\u00e3o na cela e retiraram o suspeito do local.<\/p>\n<p><img decoding=\"async\" src=\"http:\/\/aconteceunovale.com.br\/portal\/wp-content\/uploads\/2014\/06\/monstros_santa_barbara_leste.jpg\" alt=\"\" \/><em>Casal est\u00e1 em celas separadas &#8211; Foto: Super Canal \/ Reprodu\u00e7\u00e3o<\/em><br \/>\n<\/br><\/p>\n<p>Ap\u00f3s receber atendimento m\u00e9dico, o homem foi levado para uma cela isolada e ser\u00e1 transferido para uma outra unidade prisional, ainda n\u00e3o definida.<\/p>\n<p>Depois do epis\u00f3dio com o marido, a m\u00e3e das crian\u00e7as, Josina Concebida Moys\u00e9s, de 36 anos, que tamb\u00e9m est\u00e1 no mesmo pres\u00eddio, foi separada das outras detentas.<\/p>\n<p>O caso gerou grande repercuss\u00e3o pela frieza do casal. A m\u00e3e de Jo\u00e3o Paulo \u00e9 suspeita de ter matado o filho por urinar na cama. Para castigar o menino, a agressora bateu na crian\u00e7a com um chicote usada em cavalos.<\/p>\n<p>Al\u00e9m de Jo\u00e3o Paulo, os seus dois irm\u00e3os tamb\u00e9m foram agredidos. O garoto de 3 anos apresentava marcas de chicote nas n\u00e1degas e test\u00edculos. J\u00e1 o garoto de 4 anos, al\u00e9m das marcas de agress\u00f5es, estava com o rosto queimado.<\/p>\n<p>Josina disse que bateu nas crian\u00e7as para que elas \u201crespeitassem os pais\u201d.<\/p>\n<h4><strong>V\u00edtimas seguem internadas<\/strong><\/h4>\n<p>Segundo a conselheira tutelar de Santa B\u00e1rbara do Leste, Eliana Teixeira Gon\u00e7alves, as crian\u00e7as seguem internadas, mas n\u00e3o correm risco de morte. As v\u00edtimas est\u00e3o no setor de pediatria do Pronto-Socorro de Caratinga e n\u00e3o t\u00eam previs\u00e3o de alta.<\/p>\n<p>A conselheira tamb\u00e9m informou que ainda n\u00e3o foi definido com quem os meninos ficar\u00e3o depois que receberem alta da unidade de atendimento.<\/p>\n<p>\u201cOs tios maternos e paternos demonstraram interesse na guarda das crian\u00e7as, mas ainda vamos avaliar. No momento, estamos aguardando a recupera\u00e7\u00e3o deles\u201d, disse Eliana.<\/p>\n<p><em>(O Tempo)<\/em><\/p>\n","protected":false},"excerpt":{"rendered":"<p>O homem que foi preso ap\u00f3s ajudar a chicotear o enteado de 7 anos at\u00e9 a morte e espancar outros dois filhos de sua companheira, de 3 e 4 anos, em Santa B\u00e1rbara do Leste, no Vale do Rio Doce, foi agredido por detentos do Pres\u00eddio de Caratinga. A informa\u00e7\u00e3o foi confirmada na manh\u00e3 desta [&hellip;]<\/p>\n","protected":false},"author":1,"featured_media":33411,"comment_status":"open","ping_status":"closed","sticky":false,"template":"","format":"standard","meta":{"amp_status":"","footnotes":""},"categories":[121],"tags":[237,1018,9940,9939,10070,311],"class_list":["post-33574","post","type-post","status-publish","format-standard","has-post-thumbnail","hentry","category-leste","tag-caratinga","tag-destaque","tag-jose-mateus-da-silva","tag-josina-concebida-moyses","tag-padrasto-que-ajudou-chicotear-enteado-ate-a-morte-e-agredido-na-prisao","tag-santa-barbara-do-leste"],"_links":{"self":[{"href":"https:\/\/aconteceunovale.com.br\/portal\/index.php?rest_route=\/wp\/v2\/posts\/33574","targetHints":{"allow":["GET"]}}],"collection":[{"href":"https:\/\/aconteceunovale.com.br\/portal\/index.php?rest_route=\/wp\/v2\/posts"}],"about":[{"href":"https:\/\/aconteceunovale.com.br\/portal\/index.php?rest_route=\/wp\/v2\/types\/post"}],"author":[{"embeddable":true,"href":"https:\/\/aconteceunovale.com.br\/portal\/index.php?rest_route=\/wp\/v2\/users\/1"}],"replies":[{"embeddable":true,"href":"https:\/\/aconteceunovale.com.br\/portal\/index.php?rest_route=%2Fwp%2Fv2%2Fcomments&post=33574"}],"version-history":[{"count":0,"href":"https:\/\/aconteceunovale.com.br\/portal\/index.php?rest_route=\/wp\/v2\/posts\/33574\/revisions"}],"wp:featuredmedia":[{"embeddable":true,"href":"https:\/\/aconteceunovale.com.br\/portal\/index.php?rest_route=\/wp\/v2\/media\/33411"}],"wp:attachment":[{"href":"https:\/\/aconteceunovale.com.br\/portal\/index.php?rest_route=%2Fwp%2Fv2%2Fmedia&parent=33574"}],"wp:term":[{"taxonomy":"category","embeddable":true,"href":"https:\/\/aconteceunovale.com.br\/portal\/index.php?rest_route=%2Fwp%2Fv2%2Fcategories&post=33574"},{"taxonomy":"post_tag","embeddable":true,"href":"https:\/\/aconteceunovale.com.br\/portal\/index.php?rest_route=%2Fwp%2Fv2%2Ftags&post=33574"}],"curies":[{"name":"wp","href":"https:\/\/api.w.org\/{rel}","templated":true}]}}