{"id":33572,"date":"2014-07-02T13:43:15","date_gmt":"2014-07-02T16:43:15","guid":{"rendered":"http:\/\/aconteceunovale.com.br\/portal\/?p=33572"},"modified":"2014-07-02T22:42:03","modified_gmt":"2014-07-03T01:42:03","slug":"mais-de-600-casas-populares-serao-entregues-em-governador-valadares-nesta-quinta-feira","status":"publish","type":"post","link":"https:\/\/aconteceunovale.com.br\/portal\/?p=33572","title":{"rendered":"Mais de 600 casas populares ser\u00e3o entregues em Governador Valadares nesta quinta-feira"},"content":{"rendered":"<p>A ministra da Secretaria de Pol\u00edticas para as Mulheres Eleonora Menicucci visitar\u00e1 Governador Valadares nesta quinta-feira (3) para inaugurar as 653 casas populares do Residencial Vit\u00f3ria, fruto de uma parceria entre a Prefeitura, Caixa Econ\u00f4mica Federal e o Programa Minha Casa Minha Vida, do governo federal. A solenidade, marcada para as 9 horas, ser\u00e1 simult\u00e2nea a outras em 11 cidades de cinco Estados, al\u00e9m do Distrito Federal.<\/p>\n<p>Ser\u00e3o entregues ao todo 5.220 moradias em todo o pa\u00eds. A entrega ser\u00e1 feita pela presidenta Dilma Roussef em pronunciamento por meio de teleconfer\u00eancia, que poder\u00e1 ser acompanhado em tel\u00e3o durante a inaugura\u00e7\u00e3o. As 653 moradias populares constru\u00eddas em Valadares correspondem a 12,5% do total a ser inaugurado pela presidenta.<\/p>\n<p>O Residencial Vit\u00f3ria exigiu recursos da ordem de R$ 36,5 milh\u00f5es e est\u00e1 localizado pr\u00f3ximo ao bairro Penha. Ele \u00e9 o sexto empreendimento de moradias populares constru\u00eddo e entregue em Valadares a fam\u00edlias que atendem aos crit\u00e9rios do Programa Minha Casa Minha Vida para faixa de renda familiar de at\u00e9 R$ 1,6 mil, elevando para mais de 3,5 mil fam\u00edlias beneficiadas com moradias j\u00e1 entregues ou em constru\u00e7\u00e3o.<\/p>\n<p>O residencial tem como novidade a tend\u00eancia de sustentabilidade dos projetos atuais de constru\u00e7\u00e3o civil. E \u00e9 o primeiro empreendimento no Leste de Minas Gerais formado por casas baixas e constru\u00eddo com recursos do Programa Minha Casa Minha Vida \u2013 Faixa I, em que as unidades contam com sistema de aquecimento solar. As fam\u00edlias contempladas quitar\u00e3o os im\u00f3veis em dez anos com parcelas entre R$ 25,00 e R$ 80,00 por m\u00eas.<\/p>\n<h4><strong>Formato das Casas<\/strong><\/h4>\n<p>Cada unidade possui 40,9 m2 de \u00e1rea constru\u00edda em lote de 160 m2. S\u00e3o dois quartos, sala, cozinha, banheiro e \u00e1rea de servi\u00e7o externa com cobertura. Do total de casas, 3% receber\u00e3o kits para adapta\u00e7\u00e3o das casas para pessoas com defici\u00eancia. Todas contam com piso cer\u00e2mico. <em>(Hoje em Dia)<\/em><\/p>\n","protected":false},"excerpt":{"rendered":"<p>A ministra da Secretaria de Pol\u00edticas para as Mulheres Eleonora Menicucci visitar\u00e1 Governador Valadares nesta quinta-feira (3) para inaugurar as 653 casas populares do Residencial Vit\u00f3ria, fruto de uma parceria entre a Prefeitura, Caixa Econ\u00f4mica Federal e o Programa Minha Casa Minha Vida, do governo federal. A solenidade, marcada para as 9 horas, ser\u00e1 simult\u00e2nea [&hellip;]<\/p>\n","protected":false},"author":1,"featured_media":33675,"comment_status":"open","ping_status":"closed","sticky":false,"template":"","format":"standard","meta":{"amp_status":"","footnotes":""},"categories":[121],"tags":[1018,247,10069,10068],"class_list":["post-33572","post","type-post","status-publish","format-standard","has-post-thumbnail","hentry","category-leste","tag-destaque","tag-governador-valadares","tag-mais-de-600-casas-populares-serao-entregues-em-governador-valadares-nesta-quinta-feira","tag-mais-de-600-casas-populares-serao-entregues-em-valadares-nesta-quinta-feira"],"_links":{"self":[{"href":"https:\/\/aconteceunovale.com.br\/portal\/index.php?rest_route=\/wp\/v2\/posts\/33572","targetHints":{"allow":["GET"]}}],"collection":[{"href":"https:\/\/aconteceunovale.com.br\/portal\/index.php?rest_route=\/wp\/v2\/posts"}],"about":[{"href":"https:\/\/aconteceunovale.com.br\/portal\/index.php?rest_route=\/wp\/v2\/types\/post"}],"author":[{"embeddable":true,"href":"https:\/\/aconteceunovale.com.br\/portal\/index.php?rest_route=\/wp\/v2\/users\/1"}],"replies":[{"embeddable":true,"href":"https:\/\/aconteceunovale.com.br\/portal\/index.php?rest_route=%2Fwp%2Fv2%2Fcomments&post=33572"}],"version-history":[{"count":0,"href":"https:\/\/aconteceunovale.com.br\/portal\/index.php?rest_route=\/wp\/v2\/posts\/33572\/revisions"}],"wp:featuredmedia":[{"embeddable":true,"href":"https:\/\/aconteceunovale.com.br\/portal\/index.php?rest_route=\/wp\/v2\/media\/33675"}],"wp:attachment":[{"href":"https:\/\/aconteceunovale.com.br\/portal\/index.php?rest_route=%2Fwp%2Fv2%2Fmedia&parent=33572"}],"wp:term":[{"taxonomy":"category","embeddable":true,"href":"https:\/\/aconteceunovale.com.br\/portal\/index.php?rest_route=%2Fwp%2Fv2%2Fcategories&post=33572"},{"taxonomy":"post_tag","embeddable":true,"href":"https:\/\/aconteceunovale.com.br\/portal\/index.php?rest_route=%2Fwp%2Fv2%2Ftags&post=33572"}],"curies":[{"name":"wp","href":"https:\/\/api.w.org\/{rel}","templated":true}]}}