{"id":33550,"date":"2014-07-02T13:33:17","date_gmt":"2014-07-02T16:33:17","guid":{"rendered":"http:\/\/aconteceunovale.com.br\/portal\/?p=33550"},"modified":"2014-07-02T14:14:26","modified_gmt":"2014-07-02T17:14:26","slug":"jornalista-argentina-morre-em-acidente-na-br-381","status":"publish","type":"post","link":"https:\/\/aconteceunovale.com.br\/portal\/?p=33550","title":{"rendered":"Jornalista argentina morre em acidente na BR-381"},"content":{"rendered":"<p>Uma jornalista argentina morreu na madrugada desta quarta-feira em um acidente na BR-381, em Oliveira, no Centro-Oeste de Minas Gerais. Maria Soledad Fern\u00e1ndez, 26 anos, seguia de S\u00e3o Paulo para Belo Horizonte com a equipe que veio de Buenos Aires para cobertura da Copa do Mundo. A sele\u00e7\u00e3o da Argentina jogou ontem no Itaquer\u00e3o e voltou ao local onde est\u00e1 hospedada no Centro de Treinamento do Atl\u00e9tico-MG em Vespasiano, na Grande BH.<\/p>\n<p>A equipe seguia no Fiat Dobl\u00f4 alugado, placa OXH 5594 de BH. O ve\u00edculo saiu da pista na altura do km 619, capotou e caiu em uma ribanceira de aproximadamente seis metros de altura. De acordo com a Pol\u00edcia Rodovi\u00e1ria Federal (PRF), um Golf bateu violentamente na traseira do Dobl\u00f4, empurrado para fora da pista. <\/p>\n<p><img decoding=\"async\" src=\"http:\/\/aconteceunovale.com.br\/portal\/wp-content\/uploads\/2014\/07\/jornalista_argentina_morre_381_1.jpg\" alt=\"\" \/><em>(Foto: Marcelo Praxedes \/ R\u00e1dio Sociedade AM)<\/em><br \/>\n<\/br><\/p>\n<p>O motorista fugiu do local do acidente, mas o carro foi visto pelos policiais rodovi\u00e1rios no Posto Petroliva, a poucos metros do acidente. Os agentes desconfiaram da din\u00e2mica da capotagem e fizeram uma ronda, momento em que viram o Golf estacionado, com a frente danificada, e dois homens tentando fugir a p\u00e9. Os dois suspeitos foram conduzidos e est\u00e3o na Delegacia de Oliveira, onde ser\u00e3o ouvidas pelo delegado Douglas Camarano de Castro.<\/p>\n<p>Segundo jornais argentinos, Maria Soledad \u00e9 filha do famoso jornalista esportivo Tit\u00ed Fern\u00e1ndez, que tamb\u00e9m est\u00e1 no Brasil para cobertura do Mundial. Titi trabalha na Fox Sports e tem programa na TV P\u00fablica da Argentina. A jovem trabalhava para a produtora de TV Torneos y Competencias, especializada em conte\u00fado esportivo. A empresa disse que n\u00e3o vai comentar o assunto. <\/p>\n<p><img decoding=\"async\" src=\"http:\/\/aconteceunovale.com.br\/portal\/wp-content\/uploads\/2014\/07\/jornalista_argentina_morre_381_3.jpg\" alt=\"\" \/><em>(Foto de pai e filha em restaurante na Regi\u00e3o da Pampulha, em BH)<\/em><br \/>\n<\/br><\/p>\n<p>A jornalista estava acompanhada de dois colegas. O motorista do Dobl\u00f4 \u00e9 Fernando Javier Bruno, 41 anos, que foi socorrido com ferimentos. O outro passageiro \u00e9 Juan Daniel Berazagueti, 43 anos, tamb\u00e9m socorrido pelas equipes da concession\u00e1ria que administra a rodovia. <\/p>\n<p>Os dois foram levados para o Hospital de Oliveira, mas depois transferidos para o Hospital Municipal de Betim. Os pacientes sofreram apenas escoria\u00e7\u00f5es e est\u00e3o internados em situa\u00e7\u00e3o est\u00e1vel, por\u00e9m muito traumatizados. O Consulado da Argentina em Belo Horizonte est\u00e1 acompanhando o caso e enviou ao hospital o c\u00f4nsul-adjunto.<\/p>\n<p><img decoding=\"async\" src=\"http:\/\/aconteceunovale.com.br\/portal\/wp-content\/uploads\/2014\/07\/jornalista_argentina_morre_381_2.jpg\" alt=\"\" \/><em>(Foto: Marcelo Praxedes \/ R\u00e1dio Sociedade AM)<\/em><br \/>\n<\/br><\/p>\n<h4><strong>Investiga\u00e7\u00e3o<\/strong> <\/h4>\n<p>O delegado Douglas Camarano, da cidade de Carmo da Mata, disse que os homens detidos s\u00e3o de S\u00e3o Paulo. <\/p>\n<p>Durante a abordagem no posto de gasolina, eles negaram envolvimento no acidente. No entanto, de acordo com o delegado, a per\u00edcia confirmou que as marcas encontradas no Golf s\u00e3o compat\u00edveis com a colis\u00e3o no carro da equipe de reportagem.<\/p>\n<p>Ainda segundo o delegado, n\u00e3o havia drogas ou dinheiro no ve\u00edculo, conforme informa\u00e7\u00f5es que ele havia recebido no in\u00edcio da manh\u00e3. <\/p>\n<h4><strong>Repercuss\u00e3o<\/strong><\/h4>\n<p>Jornais internacionais e jornalistas argentinos repercutiram a morte da jovem nesta manh\u00e3, principalmente prestando condol\u00eancias ao pai da jornalista. Alguns inseriram a hashtag #somosargentina, marca\u00e7\u00e3o usada para a apoiar a sele\u00e7\u00e3o na Copa.<\/p>\n<h4><strong>GALERIA DE FOTOS<\/strong><\/h4>\n<p><img decoding=\"async\" src=\"http:\/\/aconteceunovale.com.br\/portal\/wp-content\/uploads\/2014\/07\/jornalista_argentina_morre_381_4.jpg\" alt=\"\" \/><br \/>\n<div id='gallery-1' class='gallery galleryid-33550 gallery-columns-5 gallery-size-thumbnail'><figure class='gallery-item'>\n\t\t\t<div class='gallery-icon landscape'>\n\t\t\t\t<a href='https:\/\/aconteceunovale.com.br\/portal\/wp-content\/uploads\/2014\/07\/morte_argentina_1.jpg'><img loading=\"lazy\" decoding=\"async\" width=\"150\" height=\"150\" src=\"https:\/\/aconteceunovale.com.br\/portal\/wp-content\/uploads\/2014\/07\/morte_argentina_1-150x150.jpg\" class=\"attachment-thumbnail size-thumbnail\" alt=\"\" \/><\/a>\n\t\t\t<\/div><\/figure><figure class='gallery-item'>\n\t\t\t<div class='gallery-icon landscape'>\n\t\t\t\t<a href='https:\/\/aconteceunovale.com.br\/portal\/wp-content\/uploads\/2014\/07\/morte_argentina_2.jpg'><img loading=\"lazy\" decoding=\"async\" width=\"150\" height=\"150\" src=\"https:\/\/aconteceunovale.com.br\/portal\/wp-content\/uploads\/2014\/07\/morte_argentina_2-150x150.jpg\" class=\"attachment-thumbnail size-thumbnail\" alt=\"\" \/><\/a>\n\t\t\t<\/div><\/figure><figure class='gallery-item'>\n\t\t\t<div class='gallery-icon landscape'>\n\t\t\t\t<a href='https:\/\/aconteceunovale.com.br\/portal\/wp-content\/uploads\/2014\/07\/morte_argentina_3.jpg'><img loading=\"lazy\" decoding=\"async\" width=\"150\" height=\"146\" src=\"https:\/\/aconteceunovale.com.br\/portal\/wp-content\/uploads\/2014\/07\/morte_argentina_3-150x146.jpg\" class=\"attachment-thumbnail size-thumbnail\" alt=\"\" \/><\/a>\n\t\t\t<\/div><\/figure><figure class='gallery-item'>\n\t\t\t<div class='gallery-icon landscape'>\n\t\t\t\t<a href='https:\/\/aconteceunovale.com.br\/portal\/wp-content\/uploads\/2014\/07\/morte_argentina_4.jpg'><img loading=\"lazy\" decoding=\"async\" width=\"150\" height=\"150\" src=\"https:\/\/aconteceunovale.com.br\/portal\/wp-content\/uploads\/2014\/07\/morte_argentina_4-150x150.jpg\" class=\"attachment-thumbnail size-thumbnail\" alt=\"\" \/><\/a>\n\t\t\t<\/div><\/figure><figure class='gallery-item'>\n\t\t\t<div class='gallery-icon landscape'>\n\t\t\t\t<a href='https:\/\/aconteceunovale.com.br\/portal\/wp-content\/uploads\/2014\/07\/morte_argentina_5.jpg'><img loading=\"lazy\" decoding=\"async\" width=\"150\" height=\"150\" src=\"https:\/\/aconteceunovale.com.br\/portal\/wp-content\/uploads\/2014\/07\/morte_argentina_5-150x150.jpg\" class=\"attachment-thumbnail size-thumbnail\" alt=\"\" \/><\/a>\n\t\t\t<\/div><\/figure><figure class='gallery-item'>\n\t\t\t<div class='gallery-icon landscape'>\n\t\t\t\t<a href='https:\/\/aconteceunovale.com.br\/portal\/wp-content\/uploads\/2014\/07\/morte_argentina_6.jpg'><img loading=\"lazy\" decoding=\"async\" width=\"150\" height=\"150\" src=\"https:\/\/aconteceunovale.com.br\/portal\/wp-content\/uploads\/2014\/07\/morte_argentina_6-150x150.jpg\" class=\"attachment-thumbnail size-thumbnail\" alt=\"\" \/><\/a>\n\t\t\t<\/div><\/figure><figure class='gallery-item'>\n\t\t\t<div class='gallery-icon landscape'>\n\t\t\t\t<a href='https:\/\/aconteceunovale.com.br\/portal\/wp-content\/uploads\/2014\/07\/morte_argentina_7.jpg'><img loading=\"lazy\" decoding=\"async\" width=\"150\" height=\"150\" src=\"https:\/\/aconteceunovale.com.br\/portal\/wp-content\/uploads\/2014\/07\/morte_argentina_7-150x150.jpg\" class=\"attachment-thumbnail size-thumbnail\" alt=\"\" \/><\/a>\n\t\t\t<\/div><\/figure><figure class='gallery-item'>\n\t\t\t<div class='gallery-icon landscape'>\n\t\t\t\t<a href='https:\/\/aconteceunovale.com.br\/portal\/wp-content\/uploads\/2014\/07\/morte_argentina_8.jpg'><img loading=\"lazy\" decoding=\"async\" width=\"150\" height=\"150\" src=\"https:\/\/aconteceunovale.com.br\/portal\/wp-content\/uploads\/2014\/07\/morte_argentina_8-150x150.jpg\" class=\"attachment-thumbnail size-thumbnail\" alt=\"\" \/><\/a>\n\t\t\t<\/div><\/figure><figure class='gallery-item'>\n\t\t\t<div class='gallery-icon portrait'>\n\t\t\t\t<a href='https:\/\/aconteceunovale.com.br\/portal\/wp-content\/uploads\/2014\/07\/morte_argentina_9.jpg'><img loading=\"lazy\" decoding=\"async\" width=\"150\" height=\"150\" src=\"https:\/\/aconteceunovale.com.br\/portal\/wp-content\/uploads\/2014\/07\/morte_argentina_9-150x150.jpg\" class=\"attachment-thumbnail size-thumbnail\" alt=\"\" \/><\/a>\n\t\t\t<\/div><\/figure><figure class='gallery-item'>\n\t\t\t<div class='gallery-icon portrait'>\n\t\t\t\t<a href='https:\/\/aconteceunovale.com.br\/portal\/wp-content\/uploads\/2014\/07\/morte_argentina_10.jpg'><img loading=\"lazy\" decoding=\"async\" width=\"150\" height=\"150\" src=\"https:\/\/aconteceunovale.com.br\/portal\/wp-content\/uploads\/2014\/07\/morte_argentina_10-150x150.jpg\" class=\"attachment-thumbnail size-thumbnail\" alt=\"\" \/><\/a>\n\t\t\t<\/div><\/figure><figure class='gallery-item'>\n\t\t\t<div class='gallery-icon landscape'>\n\t\t\t\t<a href='https:\/\/aconteceunovale.com.br\/portal\/wp-content\/uploads\/2014\/07\/morte_argentina_11.jpg'><img loading=\"lazy\" decoding=\"async\" width=\"150\" height=\"150\" src=\"https:\/\/aconteceunovale.com.br\/portal\/wp-content\/uploads\/2014\/07\/morte_argentina_11-150x150.jpg\" class=\"attachment-thumbnail size-thumbnail\" alt=\"\" \/><\/a>\n\t\t\t<\/div><\/figure><figure class='gallery-item'>\n\t\t\t<div class='gallery-icon landscape'>\n\t\t\t\t<a href='https:\/\/aconteceunovale.com.br\/portal\/wp-content\/uploads\/2014\/07\/morte_argentina_12.jpg'><img loading=\"lazy\" decoding=\"async\" width=\"150\" height=\"150\" src=\"https:\/\/aconteceunovale.com.br\/portal\/wp-content\/uploads\/2014\/07\/morte_argentina_12-150x150.jpg\" class=\"attachment-thumbnail size-thumbnail\" alt=\"\" \/><\/a>\n\t\t\t<\/div><\/figure><figure class='gallery-item'>\n\t\t\t<div class='gallery-icon portrait'>\n\t\t\t\t<a href='https:\/\/aconteceunovale.com.br\/portal\/wp-content\/uploads\/2014\/07\/morte_argentina_13.jpg'><img loading=\"lazy\" decoding=\"async\" width=\"150\" height=\"150\" src=\"https:\/\/aconteceunovale.com.br\/portal\/wp-content\/uploads\/2014\/07\/morte_argentina_13-150x150.jpg\" class=\"attachment-thumbnail size-thumbnail\" alt=\"\" \/><\/a>\n\t\t\t<\/div><\/figure><figure class='gallery-item'>\n\t\t\t<div class='gallery-icon portrait'>\n\t\t\t\t<a href='https:\/\/aconteceunovale.com.br\/portal\/wp-content\/uploads\/2014\/07\/morte_argentina_14.jpg'><img loading=\"lazy\" decoding=\"async\" width=\"150\" height=\"150\" src=\"https:\/\/aconteceunovale.com.br\/portal\/wp-content\/uploads\/2014\/07\/morte_argentina_14-150x150.jpg\" class=\"attachment-thumbnail size-thumbnail\" alt=\"\" \/><\/a>\n\t\t\t<\/div><\/figure><figure class='gallery-item'>\n\t\t\t<div class='gallery-icon portrait'>\n\t\t\t\t<a href='https:\/\/aconteceunovale.com.br\/portal\/wp-content\/uploads\/2014\/07\/morte_argentina_15.jpg'><img loading=\"lazy\" decoding=\"async\" width=\"150\" height=\"150\" src=\"https:\/\/aconteceunovale.com.br\/portal\/wp-content\/uploads\/2014\/07\/morte_argentina_15-150x150.jpg\" class=\"attachment-thumbnail size-thumbnail\" alt=\"\" \/><\/a>\n\t\t\t<\/div><\/figure>\n\t\t<\/div>\n<\/p>\n<p><strong><em>(Fonte: Jornal Estado de Minas)<\/em><\/strong><\/p>\n","protected":false},"excerpt":{"rendered":"<p>Uma jornalista argentina morreu na madrugada desta quarta-feira em um acidente na BR-381, em Oliveira, no Centro-Oeste de Minas Gerais. Maria Soledad Fern\u00e1ndez, 26 anos, seguia de S\u00e3o Paulo para Belo Horizonte com a equipe que veio de Buenos Aires para cobertura da Copa do Mundo. A sele\u00e7\u00e3o da Argentina jogou ontem no Itaquer\u00e3o e [&hellip;]<\/p>\n","protected":false},"author":1,"featured_media":33552,"comment_status":"open","ping_status":"closed","sticky":false,"template":"","format":"standard","meta":{"amp_status":"","footnotes":""},"categories":[123],"tags":[1018,10063,10067,10064,10059,10061,10066,10060,10062,10065],"class_list":["post-33550","post","type-post","status-publish","format-standard","has-post-thumbnail","hentry","category-gerais","tag-destaque","tag-fernando-javier-bruno","tag-jornalista-argentina-morre-em-acidente-na-br-381","tag-juan-daniel-berazagueti","tag-ma-jornalista-argentina-morreu-na-madrugada-desta-quarta-feira-em-um-acidente-na-br-381","tag-maria-soledad-fernandez","tag-morte-da-filha-de-titi-fernandez-no-brasil","tag-oliveira","tag-seguia-de-sao-paulo-para-belo-horizonte-com-a-equipe-que-veio-de-buenos-aires-para-cobertura-da-copa-do-mundo","tag-titi-fernandez"],"_links":{"self":[{"href":"https:\/\/aconteceunovale.com.br\/portal\/index.php?rest_route=\/wp\/v2\/posts\/33550","targetHints":{"allow":["GET"]}}],"collection":[{"href":"https:\/\/aconteceunovale.com.br\/portal\/index.php?rest_route=\/wp\/v2\/posts"}],"about":[{"href":"https:\/\/aconteceunovale.com.br\/portal\/index.php?rest_route=\/wp\/v2\/types\/post"}],"author":[{"embeddable":true,"href":"https:\/\/aconteceunovale.com.br\/portal\/index.php?rest_route=\/wp\/v2\/users\/1"}],"replies":[{"embeddable":true,"href":"https:\/\/aconteceunovale.com.br\/portal\/index.php?rest_route=%2Fwp%2Fv2%2Fcomments&post=33550"}],"version-history":[{"count":0,"href":"https:\/\/aconteceunovale.com.br\/portal\/index.php?rest_route=\/wp\/v2\/posts\/33550\/revisions"}],"wp:featuredmedia":[{"embeddable":true,"href":"https:\/\/aconteceunovale.com.br\/portal\/index.php?rest_route=\/wp\/v2\/media\/33552"}],"wp:attachment":[{"href":"https:\/\/aconteceunovale.com.br\/portal\/index.php?rest_route=%2Fwp%2Fv2%2Fmedia&parent=33550"}],"wp:term":[{"taxonomy":"category","embeddable":true,"href":"https:\/\/aconteceunovale.com.br\/portal\/index.php?rest_route=%2Fwp%2Fv2%2Fcategories&post=33550"},{"taxonomy":"post_tag","embeddable":true,"href":"https:\/\/aconteceunovale.com.br\/portal\/index.php?rest_route=%2Fwp%2Fv2%2Ftags&post=33550"}],"curies":[{"name":"wp","href":"https:\/\/api.w.org\/{rel}","templated":true}]}}