{"id":33548,"date":"2014-07-02T13:07:52","date_gmt":"2014-07-02T16:07:52","guid":{"rendered":"http:\/\/aconteceunovale.com.br\/portal\/?p=33548"},"modified":"2014-07-02T13:07:52","modified_gmt":"2014-07-02T16:07:52","slug":"dupla-victor-e-leo-faz-show-de-abertura-da-40a-expomontes","status":"publish","type":"post","link":"https:\/\/aconteceunovale.com.br\/portal\/?p=33548","title":{"rendered":"Dupla Victor e Leo faz show de abertura da 40\u00aa Expomontes"},"content":{"rendered":"<p>Come\u00e7a nesta quarta-feira (2) a 40\u00aa edi\u00e7\u00e3o da Expomontes. O evento \u00e9 uma das maiores feiras do pa\u00eds e vai ser realizado at\u00e9 o dia 13 de julho.<\/p>\n<p>De acordo com a Sociedade Rural, respons\u00e1vel por organizar a feira, cerca de 360 mil pessoas devem passar pelo Parque de Exposi\u00e7\u00f5es Jo\u00e3o Alencar Athayde. R$ 310 milh\u00f5es devem ser movimentados na realiza\u00e7\u00e3o de neg\u00f3cios e quatro mil empregos diretos e indiretos devem ser gerados.<\/p>\n<p>A solenidade de abertura, que ser\u00e1 realizada \u00e0s 18h, deve contar com a presen\u00e7a do governador de Minas Gerais, Alberto Pinto Coelho, al\u00e9m de outras lideran\u00e7as pol\u00edticas.<\/p>\n<p>Segundo a organiza\u00e7\u00e3o, o p\u00fablico vai poder conferir diversos tipos de produtos expostos em 70 estandes. 80 barracas tamb\u00e9m ser\u00e3o montadas na Feira da Agricultura Familiar. Haver\u00e1 tamb\u00e9m a presen\u00e7a de diversas institui\u00e7\u00f5es banc\u00e1rias.<\/p>\n<p>Para garantir a tranquilidade de quem passar pelo parque foi montado um posto de comando unificado com diversos \u00f3rg\u00e3os de seguran\u00e7a p\u00fablica. Segundo a Policia Militar, 200 profissionais v\u00e3o trabalhar por dia, junto com 670 seguran\u00e7as privados.<\/p>\n<p>&#8220;Neste ano, a Expomontes tem muitos motivos de comemora\u00e7\u00e3o. Al\u00e9m de ser a edi\u00e7\u00e3o de n\u00famero 40, estamos comemorando o anivers\u00e1rio de 57 anos do nosso Parque de Exposi\u00e7\u00f5es e os 70 anos da Sociedade Rural. \u00c9 um momento de alegria para todos que comp\u00f5em e ajudam no crescimento dessa institui\u00e7\u00e3o&#8221;, afirma o presidente da Sociedade Rural Osmani Barbosa.<\/p>\n<p>Nesta edi\u00e7\u00e3o, ser\u00e3o realizados, gratuitamente, mamografias e exames de hepatite gratuitos, em um caminh\u00e3o que ficar\u00e1 dentro do parque.<\/p>\n<p>A atra\u00e7\u00e3o musical desta quarta-feira \u00e9 a dupla Victor e Leo. O show ser\u00e1 a partir das 22h.<\/p>\n<p>Entre os dias 3 e 7 ser\u00e1 realizado o projeto Expomontes Solid\u00e1ria, criada pela Rede de Voluntariado da ACI e Lions Clube Internacional. Uma equipe estar\u00e1 em estande no parque para arrecadar doa\u00e7\u00f5es, que ir\u00e3o beneficiar 40 institui\u00e7\u00f5es sociais. No dia 7 de julho, para entrar na feira, ser\u00e1 preciso doar pelo menos um quilo de alimento n\u00e3o perec\u00edvel. (G1)<\/p>\n","protected":false},"excerpt":{"rendered":"<p>Come\u00e7a nesta quarta-feira (2) a 40\u00aa edi\u00e7\u00e3o da Expomontes. O evento \u00e9 uma das maiores feiras do pa\u00eds e vai ser realizado at\u00e9 o dia 13 de julho. De acordo com a Sociedade Rural, respons\u00e1vel por organizar a feira, cerca de 360 mil pessoas devem passar pelo Parque de Exposi\u00e7\u00f5es Jo\u00e3o Alencar Athayde. R$ 310 [&hellip;]<\/p>\n","protected":false},"author":1,"featured_media":30613,"comment_status":"open","ping_status":"closed","sticky":false,"template":"","format":"standard","meta":{"amp_status":"","footnotes":""},"categories":[125],"tags":[10056,10057,10058,6015,210],"class_list":["post-33548","post","type-post","status-publish","format-standard","has-post-thumbnail","hentry","category-noticias","tag-40a-edicao-da-expomontes","tag-atracoes-da-expomontes-2014","tag-dupla-victor-e-leo-faz-show-de-abertura-da-40a-expomontes","tag-expomontes-2014","tag-montes-claros"],"_links":{"self":[{"href":"https:\/\/aconteceunovale.com.br\/portal\/index.php?rest_route=\/wp\/v2\/posts\/33548","targetHints":{"allow":["GET"]}}],"collection":[{"href":"https:\/\/aconteceunovale.com.br\/portal\/index.php?rest_route=\/wp\/v2\/posts"}],"about":[{"href":"https:\/\/aconteceunovale.com.br\/portal\/index.php?rest_route=\/wp\/v2\/types\/post"}],"author":[{"embeddable":true,"href":"https:\/\/aconteceunovale.com.br\/portal\/index.php?rest_route=\/wp\/v2\/users\/1"}],"replies":[{"embeddable":true,"href":"https:\/\/aconteceunovale.com.br\/portal\/index.php?rest_route=%2Fwp%2Fv2%2Fcomments&post=33548"}],"version-history":[{"count":0,"href":"https:\/\/aconteceunovale.com.br\/portal\/index.php?rest_route=\/wp\/v2\/posts\/33548\/revisions"}],"wp:featuredmedia":[{"embeddable":true,"href":"https:\/\/aconteceunovale.com.br\/portal\/index.php?rest_route=\/wp\/v2\/media\/30613"}],"wp:attachment":[{"href":"https:\/\/aconteceunovale.com.br\/portal\/index.php?rest_route=%2Fwp%2Fv2%2Fmedia&parent=33548"}],"wp:term":[{"taxonomy":"category","embeddable":true,"href":"https:\/\/aconteceunovale.com.br\/portal\/index.php?rest_route=%2Fwp%2Fv2%2Fcategories&post=33548"},{"taxonomy":"post_tag","embeddable":true,"href":"https:\/\/aconteceunovale.com.br\/portal\/index.php?rest_route=%2Fwp%2Fv2%2Ftags&post=33548"}],"curies":[{"name":"wp","href":"https:\/\/api.w.org\/{rel}","templated":true}]}}