{"id":33543,"date":"2014-07-02T10:31:59","date_gmt":"2014-07-02T13:31:59","guid":{"rendered":"http:\/\/aconteceunovale.com.br\/portal\/?p=33543"},"modified":"2014-07-02T10:31:59","modified_gmt":"2014-07-02T13:31:59","slug":"motociclista-morre-em-acidente-na-br-116-proximo-a-teofilo-otoni","status":"publish","type":"post","link":"https:\/\/aconteceunovale.com.br\/portal\/?p=33543","title":{"rendered":"Motociclista morre em acidente na BR-116, pr\u00f3ximo a Te\u00f3filo Otoni"},"content":{"rendered":"<p>Uma motociclista morreu em uma colis\u00e3o envolvendo um carro e uma motocicleta nesta ter\u00e7a-feira, 1\u00ba de junho, na BR-116, em Te\u00f3filo Otoni\/MG.<\/p>\n<p>De acordo com informa\u00e7\u00f5es da Pol\u00edcia Rodovi\u00e1ria Federal (PRF), a batida entre a moto com placa de Governador Valadares e um ve\u00edculo Celta foi registrada a cerca de 3 quil\u00f4metros do distrito de Mucuri.<\/p>\n<p>Com o impacto da colis\u00e3o, o motociclista teve ferimentos graves, sendo socorrido, mas n\u00e3o resistiu aos ferimentos e morreu ao dar entrada em um hospital de Te\u00f3filo Otoni.<\/p>\n<p>As causas do acidente s\u00e3o investigadas pela PRF. O nome da v\u00edtima n\u00e3o foi divulgado.<\/p>\n<p><img decoding=\"async\" src=\"http:\/\/aconteceunovale.com.br\/portal\/wp-content\/uploads\/2014\/07\/motociclista_gv_teo_02_7.jpg\" alt=\"\" \/><strong><em>(A roda dianteira da motocicleta soltou com a batida &#8211; Foto: Elvis Passos)<\/em><\/strong><\/p>\n","protected":false},"excerpt":{"rendered":"<p>Uma motociclista morreu em uma colis\u00e3o envolvendo um carro e uma motocicleta nesta ter\u00e7a-feira, 1\u00ba de junho, na BR-116, em Te\u00f3filo Otoni\/MG. De acordo com informa\u00e7\u00f5es da Pol\u00edcia Rodovi\u00e1ria Federal (PRF), a batida entre a moto com placa de Governador Valadares e um ve\u00edculo Celta foi registrada a cerca de 3 quil\u00f4metros do distrito de [&hellip;]<\/p>\n","protected":false},"author":1,"featured_media":33544,"comment_status":"open","ping_status":"closed","sticky":false,"template":"","format":"standard","meta":{"amp_status":"","footnotes":""},"categories":[122],"tags":[10053,10054,247,8225,164],"class_list":["post-33543","post","type-post","status-publish","format-standard","has-post-thumbnail","hentry","category-mucuri","tag-acidente-com-motociclista-perto-de-mucuri","tag-acidente-com-motociclista-perto-de-teofilo-otoni","tag-governador-valadares","tag-motociclista-morre-em-acidente-na-br-116","tag-teofilo-otoni"],"_links":{"self":[{"href":"https:\/\/aconteceunovale.com.br\/portal\/index.php?rest_route=\/wp\/v2\/posts\/33543","targetHints":{"allow":["GET"]}}],"collection":[{"href":"https:\/\/aconteceunovale.com.br\/portal\/index.php?rest_route=\/wp\/v2\/posts"}],"about":[{"href":"https:\/\/aconteceunovale.com.br\/portal\/index.php?rest_route=\/wp\/v2\/types\/post"}],"author":[{"embeddable":true,"href":"https:\/\/aconteceunovale.com.br\/portal\/index.php?rest_route=\/wp\/v2\/users\/1"}],"replies":[{"embeddable":true,"href":"https:\/\/aconteceunovale.com.br\/portal\/index.php?rest_route=%2Fwp%2Fv2%2Fcomments&post=33543"}],"version-history":[{"count":0,"href":"https:\/\/aconteceunovale.com.br\/portal\/index.php?rest_route=\/wp\/v2\/posts\/33543\/revisions"}],"wp:featuredmedia":[{"embeddable":true,"href":"https:\/\/aconteceunovale.com.br\/portal\/index.php?rest_route=\/wp\/v2\/media\/33544"}],"wp:attachment":[{"href":"https:\/\/aconteceunovale.com.br\/portal\/index.php?rest_route=%2Fwp%2Fv2%2Fmedia&parent=33543"}],"wp:term":[{"taxonomy":"category","embeddable":true,"href":"https:\/\/aconteceunovale.com.br\/portal\/index.php?rest_route=%2Fwp%2Fv2%2Fcategories&post=33543"},{"taxonomy":"post_tag","embeddable":true,"href":"https:\/\/aconteceunovale.com.br\/portal\/index.php?rest_route=%2Fwp%2Fv2%2Ftags&post=33543"}],"curies":[{"name":"wp","href":"https:\/\/api.w.org\/{rel}","templated":true}]}}