{"id":33533,"date":"2014-07-02T10:03:06","date_gmt":"2014-07-02T13:03:06","guid":{"rendered":"http:\/\/aconteceunovale.com.br\/portal\/?p=33533"},"modified":"2014-07-02T10:08:51","modified_gmt":"2014-07-02T13:08:51","slug":"duas-pessoas-morrem-em-acidente-envolvendo-onibus-do-brt-move-e-motocicleta-em-bh","status":"publish","type":"post","link":"https:\/\/aconteceunovale.com.br\/portal\/?p=33533","title":{"rendered":"Duas pessoas morrem em acidente envolvendo \u00f4nibus do BRT Move e motocicleta em BH"},"content":{"rendered":"<p>Duas pessoas morreram na manh\u00e3 desta quarta-feira em acidente envolvendo a Honda CG 150, placa HDE 0376, e um ve\u00edculo articulado do BRT Move da linha 52 (Esta\u00e7\u00e3o Pampulha\/Lagoinha). A batida aconteceu na Avenida Presidente Carlos Luz, no Bairro Engenho Nogueira, Regi\u00e3o Noroeste de Belo Horizonte, e deixou o tr\u00e2nsito lento nos dois sentidos.<\/p>\n<p>Militares do 34\u00ba Batalh\u00e3o da PM e Batalh\u00e3o Copa isolaram o trecho e monitoram o tr\u00e2nsito nesta manh\u00e3. O acidente aconteceu por volta de 5h40 e uma pista da avenida ficou fechada em dire\u00e7\u00e3o ao centro at\u00e9 a retirada dos corpos. O retorno em frente \u00e0 Usiminas, que d\u00e1 acesso \u00e0 portaria da UFMG, ficou interditado sendo necess\u00e1rio que motoristas fizessem a manobra somente na al\u00e7a do Anel Rodovi\u00e1rio.<\/p>\n<p>A motocicleta foi parar debaixo do coletivo, o que dificultou o resgate. Equipes dos bombeiros e Servi\u00e7o de Atendimento M\u00f3vel e Urg\u00eancia (Samu) foram chamadas para o atendimento, mas os socorristas apenas constataram o \u00f3bito das v\u00edtimas. Segundo a PM, morreram Everton Lafet\u00e1 dos Santos, 27 anos, e Ramon Helder Gon\u00e7alves Santos, 22 anos. Os dois eram de Cora\u00e7\u00e3o de Jesus, no Norte de Minas, e trabalhavam em uma empresa que fabrica pe\u00e7as automotivas para a Fiat.<\/p>\n<p>Tudo indica que a moto avan\u00e7ou o sinal vermelho, no sentido bairro\/Centro e bateu no coletivo, que atravessava a via para fazer o retorno. O \u00f4nibus saiu da garagem da Rodopass, no Bairro Engenho Nogueira, e seguia para a Esta\u00e7\u00e3o Pampulha \u2013 na Avenida Dom Pedro I.<\/p>\n<p><img decoding=\"async\" src=\"http:\/\/aconteceunovale.com.br\/portal\/wp-content\/uploads\/2014\/07\/acidente_brt_moto_bh_02_7_1.jpg\" alt=\"\" \/><\/p>\n<p><img decoding=\"async\" src=\"http:\/\/aconteceunovale.com.br\/portal\/wp-content\/uploads\/2014\/07\/acidente_brt_moto_bh_02_7_2.jpg\" alt=\"\" \/><\/p>\n<p><img decoding=\"async\" src=\"http:\/\/aconteceunovale.com.br\/portal\/wp-content\/uploads\/2014\/07\/acidente_brt_moto_bh_02_7_3.jpg\" alt=\"\" \/><\/p>\n<p><strong><em>(Fotos: Reprodu\u00e7\u00e3o Globo Minas \/ Informa\u00e7\u00f5es: Estado de Minas)<\/em><\/strong><\/p>\n","protected":false},"excerpt":{"rendered":"<p>Duas pessoas morreram na manh\u00e3 desta quarta-feira em acidente envolvendo a Honda CG 150, placa HDE 0376, e um ve\u00edculo articulado do BRT Move da linha 52 (Esta\u00e7\u00e3o Pampulha\/Lagoinha). A batida aconteceu na Avenida Presidente Carlos Luz, no Bairro Engenho Nogueira, Regi\u00e3o Noroeste de Belo Horizonte, e deixou o tr\u00e2nsito lento nos dois sentidos. Militares [&hellip;]<\/p>\n","protected":false},"author":1,"featured_media":33534,"comment_status":"open","ping_status":"closed","sticky":false,"template":"","format":"standard","meta":{"amp_status":"","footnotes":""},"categories":[123],"tags":[10048,10049,194,1801,1018,10051,10046,10044,10043,10050,10045,10047],"class_list":["post-33533","post","type-post","status-publish","format-standard","has-post-thumbnail","hentry","category-gerais","tag-acidente-com-onibus-do-brt-move-em-belo-horizonte","tag-acidente-com-onibus-do-brt-move-na-avenida-presidente-carlos-luz","tag-belo-horizonte","tag-coracao-de-jesus","tag-destaque","tag-duas-pessoas-morrem-em-acidente-envolvendo-onibus-do-brt-move-e-motocicleta-em-bh","tag-everton-lafeta-dos-santos","tag-fotos-do-acidente-com-onibus-do-brt-move-e-motocicleta-em-belo-horizonte","tag-fotos-do-acidente-com-onibus-do-brt-move-e-motocicleta-na-avenida-presidente-carlos-luz","tag-no-bairro-engenho-nogueira","tag-nome-das-vitimas-do-acidente-com-onibus-do-brt-move-e-motocicleta-em-belo-horizonte","tag-ramon-helder-goncalves-santos"],"_links":{"self":[{"href":"https:\/\/aconteceunovale.com.br\/portal\/index.php?rest_route=\/wp\/v2\/posts\/33533","targetHints":{"allow":["GET"]}}],"collection":[{"href":"https:\/\/aconteceunovale.com.br\/portal\/index.php?rest_route=\/wp\/v2\/posts"}],"about":[{"href":"https:\/\/aconteceunovale.com.br\/portal\/index.php?rest_route=\/wp\/v2\/types\/post"}],"author":[{"embeddable":true,"href":"https:\/\/aconteceunovale.com.br\/portal\/index.php?rest_route=\/wp\/v2\/users\/1"}],"replies":[{"embeddable":true,"href":"https:\/\/aconteceunovale.com.br\/portal\/index.php?rest_route=%2Fwp%2Fv2%2Fcomments&post=33533"}],"version-history":[{"count":0,"href":"https:\/\/aconteceunovale.com.br\/portal\/index.php?rest_route=\/wp\/v2\/posts\/33533\/revisions"}],"wp:featuredmedia":[{"embeddable":true,"href":"https:\/\/aconteceunovale.com.br\/portal\/index.php?rest_route=\/wp\/v2\/media\/33534"}],"wp:attachment":[{"href":"https:\/\/aconteceunovale.com.br\/portal\/index.php?rest_route=%2Fwp%2Fv2%2Fmedia&parent=33533"}],"wp:term":[{"taxonomy":"category","embeddable":true,"href":"https:\/\/aconteceunovale.com.br\/portal\/index.php?rest_route=%2Fwp%2Fv2%2Fcategories&post=33533"},{"taxonomy":"post_tag","embeddable":true,"href":"https:\/\/aconteceunovale.com.br\/portal\/index.php?rest_route=%2Fwp%2Fv2%2Ftags&post=33533"}],"curies":[{"name":"wp","href":"https:\/\/api.w.org\/{rel}","templated":true}]}}