{"id":33527,"date":"2014-07-02T09:36:28","date_gmt":"2014-07-02T12:36:28","guid":{"rendered":"http:\/\/aconteceunovale.com.br\/portal\/?p=33527"},"modified":"2014-07-02T09:37:54","modified_gmt":"2014-07-02T12:37:54","slug":"minas-recebera-repasse-de-r-46-milhoes-para-o-programa-mais-medicos","status":"publish","type":"post","link":"https:\/\/aconteceunovale.com.br\/portal\/?p=33527","title":{"rendered":"Minas receber\u00e1 repasse de R$ 46 milh\u00f5es para o Programa Mais M\u00e9dicos"},"content":{"rendered":"<p>Minas Gerais vai receber um refor\u00e7o no or\u00e7amento da sa\u00fade. Estado e munic\u00edpios ter\u00e3o R$ 46,6 milh\u00f5es para serem aplicados em procedimentos de alta e m\u00e9dia complexidade. Desse total, R$ 5 milh\u00f5es ser\u00e3o destinados a cirurgias eletivas. Belo Horizonte ter\u00e1 repasse de R$ 20,4 milh\u00f5es para a rede de urg\u00eancia, Samu e servi\u00e7os de oncologia. O an\u00fancio foi feito nessa segunda-feira pelo ministro da Sa\u00fade, Arthur Chioro, durante o semin\u00e1rio Mais m\u00e9dicos para o Brasil, mais sa\u00fade para os brasileiros, na capital. <\/p>\n<p>A verba faz parte do investimento em infraestrutura necess\u00e1ria para sustentar o programa, respons\u00e1vel por ampliar em 1.235 o n\u00famero de profissionais atuando na \u00e1rea de aten\u00e7\u00e3o b\u00e1sica de 463 munic\u00edpios mineiros. Segundo levantamento do Minist\u00e9rio da Sa\u00fade, desde o in\u00edcio do Mais m\u00e9dicos, h\u00e1 quase um ano, houve crescimento de 21,6% no n\u00famero de consultas feitas nas unidades b\u00e1sicas de sa\u00fade dos munic\u00edpios participantes. <\/p>\n<p>O atendimento de urg\u00eancia na aten\u00e7\u00e3o b\u00e1sica teve incremento de 40% e as consultas agendadas, de 25,6%. O crescimento na quantidade de atendimentos de rotina foi de 21,9% e as chamadas demandas imediatas avan\u00e7aram 14%. A presen\u00e7a de profissionais nas cidades onde antes n\u00e3o havia m\u00e9dico ou o tinha em quantidade insuficiente facilitou tamb\u00e9m o acesso por usu\u00e1rios de drogas e pacientes da sa\u00fade mental. <\/p>\n<p>Na Grande BH, as consultas agendadas tiveram crescimento de 54,2%, j\u00e1 as de rotina, 42,2%.  \u201cN\u00e3o adianta s\u00f3 disponibilizar m\u00e9dico. \u00c9 preciso garantir a infraestrutura para que n\u00e3o precisemos fazer provimentos de urg\u00eancia para ter m\u00e9dicos\u201d, disse. A previs\u00e3o \u00e9 de construir, reformar ou ampliar  2.511 unidades b\u00e1sicas em Minas. \u201cEm 25 anos de SUS, \u00e9 a 1\u00aa  vez que experimentamos a possibilidade de ter aten\u00e7\u00e3o b\u00e1sica em todo o pa\u00eds, especialmente para quem precisa mais.\u201d<\/p>\n<p><img decoding=\"async\" src=\"http:\/\/aconteceunovale.com.br\/portal\/wp-content\/uploads\/2014\/07\/46_milhoes_mais_medicos.jpg\" alt=\"\" \/><em>O ministro Arhur Chioro fez balan\u00e7o positivo do programa &#8211; Foto: Ramon Lisboa<\/em><br \/>\n<\/br><\/p>\n<p><strong><em>(Fonte: Estado de Minas)<\/em><\/strong><\/p>\n","protected":false},"excerpt":{"rendered":"<p>Minas Gerais vai receber um refor\u00e7o no or\u00e7amento da sa\u00fade. Estado e munic\u00edpios ter\u00e3o R$ 46,6 milh\u00f5es para serem aplicados em procedimentos de alta e m\u00e9dia complexidade. Desse total, R$ 5 milh\u00f5es ser\u00e3o destinados a cirurgias eletivas. Belo Horizonte ter\u00e1 repasse de R$ 20,4 milh\u00f5es para a rede de urg\u00eancia, Samu e servi\u00e7os de oncologia. [&hellip;]<\/p>\n","protected":false},"author":1,"featured_media":33528,"comment_status":"open","ping_status":"closed","sticky":false,"template":"","format":"standard","meta":{"amp_status":"","footnotes":""},"categories":[123],"tags":[1018,10040,550],"class_list":["post-33527","post","type-post","status-publish","format-standard","has-post-thumbnail","hentry","category-gerais","tag-destaque","tag-minas-recebera-repasse-de-r-46-milhoes-para-o-programa-mais-medicos","tag-programa-mais-medicos"],"_links":{"self":[{"href":"https:\/\/aconteceunovale.com.br\/portal\/index.php?rest_route=\/wp\/v2\/posts\/33527","targetHints":{"allow":["GET"]}}],"collection":[{"href":"https:\/\/aconteceunovale.com.br\/portal\/index.php?rest_route=\/wp\/v2\/posts"}],"about":[{"href":"https:\/\/aconteceunovale.com.br\/portal\/index.php?rest_route=\/wp\/v2\/types\/post"}],"author":[{"embeddable":true,"href":"https:\/\/aconteceunovale.com.br\/portal\/index.php?rest_route=\/wp\/v2\/users\/1"}],"replies":[{"embeddable":true,"href":"https:\/\/aconteceunovale.com.br\/portal\/index.php?rest_route=%2Fwp%2Fv2%2Fcomments&post=33527"}],"version-history":[{"count":0,"href":"https:\/\/aconteceunovale.com.br\/portal\/index.php?rest_route=\/wp\/v2\/posts\/33527\/revisions"}],"wp:featuredmedia":[{"embeddable":true,"href":"https:\/\/aconteceunovale.com.br\/portal\/index.php?rest_route=\/wp\/v2\/media\/33528"}],"wp:attachment":[{"href":"https:\/\/aconteceunovale.com.br\/portal\/index.php?rest_route=%2Fwp%2Fv2%2Fmedia&parent=33527"}],"wp:term":[{"taxonomy":"category","embeddable":true,"href":"https:\/\/aconteceunovale.com.br\/portal\/index.php?rest_route=%2Fwp%2Fv2%2Fcategories&post=33527"},{"taxonomy":"post_tag","embeddable":true,"href":"https:\/\/aconteceunovale.com.br\/portal\/index.php?rest_route=%2Fwp%2Fv2%2Ftags&post=33527"}],"curies":[{"name":"wp","href":"https:\/\/api.w.org\/{rel}","templated":true}]}}