{"id":33523,"date":"2014-07-01T20:53:02","date_gmt":"2014-07-01T23:53:02","guid":{"rendered":"http:\/\/aconteceunovale.com.br\/portal\/?p=33523"},"modified":"2014-07-01T20:53:02","modified_gmt":"2014-07-01T23:53:02","slug":"familia-pede-donativos-para-criancas-torturadas-pela-mae-no-leste-de-minas","status":"publish","type":"post","link":"https:\/\/aconteceunovale.com.br\/portal\/?p=33523","title":{"rendered":"Fam\u00edlia pede donativos para crian\u00e7as torturadas pela m\u00e3e no Leste de Minas"},"content":{"rendered":"<p>A dupla suspeita de ter matado uma crian\u00e7a de seis anos em Santa B\u00e1rbara do Leste, no Leste de Minas Gerais permanece detida no pres\u00eddio de Caratinga, no Vale do Rio Doce e pode pegar at\u00e9 30 anos de pris\u00e3o pelos crimes de tortura seguida de morte, com agravante por se tratar de crian\u00e7a. Outras duas crian\u00e7as tamb\u00e9m teriam sido agredidas pela m\u00e3e e pelo padrasto.<\/p>\n<p><img decoding=\"async\" src=\"http:\/\/aconteceunovale.com.br\/portal\/wp-content\/uploads\/2014\/06\/crianca_foi_encontrada_santa_barbara_mg.jpg\" alt=\"\" \/><em>(Crian\u00e7a foi agredida at\u00e9 a morte pela m\u00e3e e o padrasto)<\/em><br \/>\n<\/br><\/p>\n<p>As crian\u00e7as de 4 e 5 anos continuam no hospital e quando receberem alta v\u00e3o ficar com a tia. A Pol\u00edcia Civil informou que a fam\u00edlia pede ajuda de donativos e roupas para as crian\u00e7as, colch\u00f5es e roupas de cama. O telefone para contato \u00e9 o da Pol\u00edcia Civil de Caratinga (33) 3322-6532.<\/p>\n<p>As crian\u00e7as moravam com a m\u00e3e e o padrasto, na zona rural de Santa B\u00e1rbara do Leste. No fim de semana, a tia paterna dos meninos registrou Boletim de Ocorr\u00eancia ap\u00f3s ser informada que o sobrinho, de 6 anos, teria desaparecido.<\/p>\n<p>O corpo da crian\u00e7a foi encontrado nesta segunda-feira (30), em um cafezal, pr\u00f3ximo a entrada de uma fazenda, \u00e0s margens da BR-116. Uma mochila teria sido colocada ao lado do menino para fortalecer a ideia de que ele realmente teria desaparecido. De acordo com a pol\u00edcia, o padrasto ao perceber que a crian\u00e7a teria morrido depois de ser agredida,  abandou o corpo no matagal. (G1)<\/p>\n<p>LEIA MAIS [+]<\/p>\n<p>&#8211; <a href=\"http:\/\/aconteceunovale.com.br\/portal\/?p=33410\" target=\"_blank\">M\u00e3e agride filho at\u00e9 a morte por ele fazer xixi e coc\u00f4 na cama<\/a><\/p>\n<p>&#8211; <a href=\"http:\/\/aconteceunovale.com.br\/portal\/?p=33365\" target=\"_blank\">Corpo de crian\u00e7a que estava desaparecido em Santa B\u00e1rbara do Leste \u00e9 encontrado \u00e0s margens da BR-116<\/a><\/p>\n<p>&#8211; <a href=\"http:\/\/aconteceunovale.com.br\/portal\/?p=33360\" target=\"_blank\">M\u00e3e e padrasto s\u00e3o presos por tortura contra duas crian\u00e7as no Leste de Minas Gerais<\/a><\/p>\n","protected":false},"excerpt":{"rendered":"<p>A dupla suspeita de ter matado uma crian\u00e7a de seis anos em Santa B\u00e1rbara do Leste, no Leste de Minas Gerais permanece detida no pres\u00eddio de Caratinga, no Vale do Rio Doce e pode pegar at\u00e9 30 anos de pris\u00e3o pelos crimes de tortura seguida de morte, com agravante por se tratar de crian\u00e7a. Outras [&hellip;]<\/p>\n","protected":false},"author":1,"featured_media":33366,"comment_status":"open","ping_status":"closed","sticky":false,"template":"","format":"standard","meta":{"amp_status":"","footnotes":""},"categories":[121],"tags":[237,10038,9941,9940,9939,10007,9971,9970,9972,209,311],"class_list":["post-33523","post","type-post","status-publish","format-standard","has-post-thumbnail","hentry","category-leste","tag-caratinga","tag-familia-pede-donativos-para-criancas-torturadas-pela-mae-no-leste-de-minas","tag-joao-paulo-camilo","tag-jose-mateus-da-silva","tag-josina-concebida-moyses","tag-mae-agride-filho-ate-a-morte-por-ele-fazer-xixi-e-coco-na-cama","tag-mae-e-padrasto-contam-detalhes-da-morte-de-uma-crianca-de-6-anos-em-santa-barbara-do-leste","tag-mae-e-padrasto-contam-detalhes-da-morte-de-uma-crianca-de-6-anos-no-leste-de-minas","tag-mae-e-padrasto-contam-detalhes-sobre-a-morte-de-uma-crianca-no-leste-de-minas","tag-manhuacu","tag-santa-barbara-do-leste"],"_links":{"self":[{"href":"https:\/\/aconteceunovale.com.br\/portal\/index.php?rest_route=\/wp\/v2\/posts\/33523","targetHints":{"allow":["GET"]}}],"collection":[{"href":"https:\/\/aconteceunovale.com.br\/portal\/index.php?rest_route=\/wp\/v2\/posts"}],"about":[{"href":"https:\/\/aconteceunovale.com.br\/portal\/index.php?rest_route=\/wp\/v2\/types\/post"}],"author":[{"embeddable":true,"href":"https:\/\/aconteceunovale.com.br\/portal\/index.php?rest_route=\/wp\/v2\/users\/1"}],"replies":[{"embeddable":true,"href":"https:\/\/aconteceunovale.com.br\/portal\/index.php?rest_route=%2Fwp%2Fv2%2Fcomments&post=33523"}],"version-history":[{"count":0,"href":"https:\/\/aconteceunovale.com.br\/portal\/index.php?rest_route=\/wp\/v2\/posts\/33523\/revisions"}],"wp:featuredmedia":[{"embeddable":true,"href":"https:\/\/aconteceunovale.com.br\/portal\/index.php?rest_route=\/wp\/v2\/media\/33366"}],"wp:attachment":[{"href":"https:\/\/aconteceunovale.com.br\/portal\/index.php?rest_route=%2Fwp%2Fv2%2Fmedia&parent=33523"}],"wp:term":[{"taxonomy":"category","embeddable":true,"href":"https:\/\/aconteceunovale.com.br\/portal\/index.php?rest_route=%2Fwp%2Fv2%2Fcategories&post=33523"},{"taxonomy":"post_tag","embeddable":true,"href":"https:\/\/aconteceunovale.com.br\/portal\/index.php?rest_route=%2Fwp%2Fv2%2Ftags&post=33523"}],"curies":[{"name":"wp","href":"https:\/\/api.w.org\/{rel}","templated":true}]}}