{"id":33512,"date":"2014-07-01T20:13:06","date_gmt":"2014-07-01T23:13:06","guid":{"rendered":"http:\/\/aconteceunovale.com.br\/portal\/?p=33512"},"modified":"2014-07-01T20:13:06","modified_gmt":"2014-07-01T23:13:06","slug":"usina-solar-do-mineirao-gera-mais-de-300-mwh-em-dois-meses","status":"publish","type":"post","link":"https:\/\/aconteceunovale.com.br\/portal\/?p=33512","title":{"rendered":"Usina Solar do Mineir\u00e3o gera mais de 300 MWh em dois meses"},"content":{"rendered":"<h3><strong>Energia \u00e9 suficiente para abastecer 1200 resid\u00eancias m\u00e9dias, neste per\u00edodo<\/strong><\/h3>\n<p>O Mineir\u00e3o fez hist\u00f3ria na Copa do Mundo 2014 ao ser o primeiro est\u00e1dio com certifica\u00e7\u00e3o LEED Platinum de sustentabilidade a utilizar energia solar em uma partida da maior competi\u00e7\u00e3o de futebol do planeta. A Usina Solar Fotovoltaica (USF) do Mineir\u00e3o, constru\u00edda pela Companhia Energ\u00e9tica de Minas Gerais &#8211; Cemig, em parceria com a Minas Arena e o banco alem\u00e3o KfW, est\u00e1 em funcionamento desde 25 de abril passado e j\u00e1 gerou em dois meses mais de 300 MWh, ou o suficiente para abastecer, em m\u00e9dia, 1200 resid\u00eancias durante esse per\u00edodo.<\/p>\n<p><img decoding=\"async\" src=\"http:\/\/aconteceunovale.com.br\/portal\/wp-content\/uploads\/2014\/07\/mineirao_usina_energia_solar.jpg\" alt=\"\" \/><em>O Mineir\u00e3o foi o primeiro est\u00e1dio da Copa de 2014 a inaugurar a usina solar &#8211; Foto: Ag\u00eancia Minas<\/em><br \/>\n<\/br><\/p>\n<p>Segundo a parceria firmada com a Minas Arena, empresa respons\u00e1vel pela administra\u00e7\u00e3o do est\u00e1dio, 10% da energia gerada retorna para ser utilizada dentro do Gigante da Pampulha. A \u00e1rea utilizada para a instala\u00e7\u00e3o dos pain\u00e9is fotovoltaicos \u00e9 de cerca de 9.500 m\u00b2 na cobertura do est\u00e1dio.<\/p>\n<p>Com uma pot\u00eancia de 1,42 MWp (megawatts-pico) e cerca de 6 mil m\u00f3dulos fotovoltaicos, a unidade \u00e9 a maior usina em cobertura do pa\u00eds e uma das maiores instaladas em arenas esportivas do mundo. A energia gerada pela USF Mineir\u00e3o equivale ao consumo m\u00e9dio de cerca de 1200 resid\u00eancias.<\/p>\n<p>Segundo o superintendente de alternativas energ\u00e9ticas da Cemig, Alexandre Bueno, \u201ca iniciativa de instalar uma central geradora de energia limpa no Mineir\u00e3o foi inspirada nos est\u00e1dios de Freiburg, considerada a capital solar da Alemanha, e de Berna, na Su\u00ed\u00e7a, al\u00e9m dos est\u00e1dios solares constru\u00eddos para a Eurocopa, torneio continental de futebol da Europa, em 2008. Foram instalados, na \u00e1rea \u00fatil da cobertura do est\u00e1dio, 5.910 pain\u00e9is solares com pot\u00eancia de 240 Wp cada um. A energia gerada ser\u00e1 de 1.825 MWh por ano\u201d, afirma.<\/p>\n<p>Recentemente, o Mineir\u00e3o recebeu o selo LEED Platinum do U.S. Green Building Council (USGBC), \u00f3rg\u00e3o respons\u00e1vel pela certifica\u00e7\u00e3o utilizada em 143 pa\u00edses para incentivar a transforma\u00e7\u00e3o dos projetos, obra e opera\u00e7\u00e3o das edifica\u00e7\u00f5es, sempre com foco na sustentabilidade de suas atua\u00e7\u00f5es.<\/p>\n<p>O est\u00e1dio mineiro \u00e9 o primeiro e \u00fanico do pa\u00eds a ganhar a qualifica\u00e7\u00e3o m\u00e1xima. Para conquistar o certificado, foi preciso cumprir oito conjuntos de pr\u00e9-requisitos, al\u00e9m de apresentar inova\u00e7\u00f5es sustent\u00e1veis, como o caso da fonte de energia renov\u00e1vel do Mineir\u00e3o.<\/p>\n<p>Confira mais informa\u00e7\u00f5es da Usina Solar Fotovoltaica do Mineir\u00e3o no <a href=\"http:\/\/www.cemig.com.br\/pt-br\/A_Cemig_e_o_Futuro\/inovacao\/Documents\/USF%20Mineir%C3%A3o%20-%20%C3%81lbum%20de%20fotografias.pdf\" target=\"_blank\">Portal da Cemig<\/a>.  <\/p>\n","protected":false},"excerpt":{"rendered":"<p>Energia \u00e9 suficiente para abastecer 1200 resid\u00eancias m\u00e9dias, neste per\u00edodo O Mineir\u00e3o fez hist\u00f3ria na Copa do Mundo 2014 ao ser o primeiro est\u00e1dio com certifica\u00e7\u00e3o LEED Platinum de sustentabilidade a utilizar energia solar em uma partida da maior competi\u00e7\u00e3o de futebol do planeta. A Usina Solar Fotovoltaica (USF) do Mineir\u00e3o, constru\u00edda pela Companhia Energ\u00e9tica [&hellip;]<\/p>\n","protected":false},"author":1,"featured_media":33513,"comment_status":"open","ping_status":"closed","sticky":false,"template":"","format":"standard","meta":{"amp_status":"","footnotes":""},"categories":[123],"tags":[1018,10032,10031],"class_list":["post-33512","post","type-post","status-publish","format-standard","has-post-thumbnail","hentry","category-gerais","tag-destaque","tag-usina-solar-do-mineirao","tag-usina-solar-do-mineirao-gera-mais-de-300-mwh-em-dois-meses"],"_links":{"self":[{"href":"https:\/\/aconteceunovale.com.br\/portal\/index.php?rest_route=\/wp\/v2\/posts\/33512","targetHints":{"allow":["GET"]}}],"collection":[{"href":"https:\/\/aconteceunovale.com.br\/portal\/index.php?rest_route=\/wp\/v2\/posts"}],"about":[{"href":"https:\/\/aconteceunovale.com.br\/portal\/index.php?rest_route=\/wp\/v2\/types\/post"}],"author":[{"embeddable":true,"href":"https:\/\/aconteceunovale.com.br\/portal\/index.php?rest_route=\/wp\/v2\/users\/1"}],"replies":[{"embeddable":true,"href":"https:\/\/aconteceunovale.com.br\/portal\/index.php?rest_route=%2Fwp%2Fv2%2Fcomments&post=33512"}],"version-history":[{"count":0,"href":"https:\/\/aconteceunovale.com.br\/portal\/index.php?rest_route=\/wp\/v2\/posts\/33512\/revisions"}],"wp:featuredmedia":[{"embeddable":true,"href":"https:\/\/aconteceunovale.com.br\/portal\/index.php?rest_route=\/wp\/v2\/media\/33513"}],"wp:attachment":[{"href":"https:\/\/aconteceunovale.com.br\/portal\/index.php?rest_route=%2Fwp%2Fv2%2Fmedia&parent=33512"}],"wp:term":[{"taxonomy":"category","embeddable":true,"href":"https:\/\/aconteceunovale.com.br\/portal\/index.php?rest_route=%2Fwp%2Fv2%2Fcategories&post=33512"},{"taxonomy":"post_tag","embeddable":true,"href":"https:\/\/aconteceunovale.com.br\/portal\/index.php?rest_route=%2Fwp%2Fv2%2Ftags&post=33512"}],"curies":[{"name":"wp","href":"https:\/\/api.w.org\/{rel}","templated":true}]}}