{"id":33493,"date":"2014-07-01T16:49:37","date_gmt":"2014-07-01T19:49:37","guid":{"rendered":"http:\/\/aconteceunovale.com.br\/portal\/?p=33493"},"modified":"2014-07-01T16:51:03","modified_gmt":"2014-07-01T19:51:03","slug":"moradores-de-almenara-consideram-taxa-de-coleta-e-tratamento-de-esgoto-abusiva","status":"publish","type":"post","link":"https:\/\/aconteceunovale.com.br\/portal\/?p=33493","title":{"rendered":"Moradores de Almenara consideram taxa de coleta e tratamento de esgoto abusiva"},"content":{"rendered":"<p>At\u00e9 90% do valor cobrado pelo consumo de \u00e1gua. Essa \u00e9 a taxa de Esgoto Din\u00e2nimo com Coleta e tratamento (EDT) cobrada pela Copasa. Na manh\u00e3 desta ter\u00e7a-feira, 01 de julho de 2014, moradores de Almenara, no Vale do Jequitinhonha, foram surpreendidos com a cobran\u00e7a da tarifa e uma justificativa dos leituristas que entregavam junto com a conta uma justificativa da empresa.<\/p>\n<p>Moradores ficaram inconformados e consideram a cobran\u00e7a abusiva. Muitos dizem que n\u00e3o tem condi\u00e7\u00f5es de pagarem o valor. Esse \u00e9 o caso do Senhor Sebasti\u00e3o, um aposentado, com s\u00e9rios problemas na vis\u00e3o.<\/p>\n<p>Outro morador que est\u00e1 indignado com a cobran\u00e7a \u00e9 o funcion\u00e1rio p\u00fablico, Senhor Darcir. Ele ter\u00e1 que pagar quase 90% do valor da tarifa de fornecimento de \u00e1gua, fazendo com que sua conta praticamente dobre o valor.<\/p>\n<p>Outra reclama\u00e7\u00e3o constante da popula\u00e7\u00e3o almenarense \u00e9 com rela\u00e7\u00e3o \u00e0 qualidade dos servi\u00e7os prestados. Na Rua Lindaura Gil, grande maioria dos moradores reclamam que as ruas apresentam v\u00e1rias ondula\u00e7\u00f5es provocadas pelas interven\u00e7\u00f5es de empreiteiras contratadas pela COPASA.<\/p>\n<p>Com rela\u00e7\u00e3o \u00e0 cobrada da taxa EDT, em uma demanda anterior a funcion\u00e1ria Raphaella Miranda da equipe de relacionamento com o cliente da empresa justifica que para as regi\u00f5es onde \u00e9 realizada apenas coleta, a cobran\u00e7a do esgoto corresponde a 50% do valor cobrado pela \u00e1gua consumida no im\u00f3vel. J\u00e1 onde ocorre o tratamento do esgoto, a cobran\u00e7a ser\u00e1 de 90% do valor da \u00e1gua.<\/p>\n<p>De acordo com a resolu\u00e7\u00e3o normativa da ARSAE n\u00ba 35\/2013 que trata das Tarifas dos Servi\u00e7os P\u00fablicos de \u00e1gua e Esgoto Prestados pela COPASA, a cobran\u00e7a pelo servi\u00e7o de esgotamento sanit\u00e1rio ser\u00e1 graduada em raz\u00e3o da exist\u00eancia ou n\u00e3o de tratamento de esgoto coletado para cada um dos usu\u00e1rios, conforme diferencia\u00e7\u00e3o tarif\u00e1ria a seguir: <\/p>\n<p>I &#8211; Tarifas EDC (esgotamento din\u00e2mico com coleta) em caso de aus\u00eancia de tratamento do esgoto coletado;<br \/>\nII &#8211; Tarifas EDT (esgotamento din\u00e2mico com coleta e tratamento) em caso de efetivo tratamento do esgoto coletado.<\/p>\n<p>As tarifas em vigor est\u00e3o dispon\u00edveis para consulta no site: <a href=\"http:\/\/www.copasa.com.br\/cgi\/cgilua.exe\/sys\/start.htm?infoid=2469&#038;sid=274&#038;tpl=section\" target=\"_blank\">www.copasa.com.br<\/a>.<\/p>\n<p><img decoding=\"async\" src=\"http:\/\/aconteceunovale.com.br\/portal\/wp-content\/uploads\/2014\/07\/tarifa_abusiva_copasa_almenara_2.jpg\" alt=\"\" \/><em>(Morador com problemas de sa\u00fade diz n\u00e3o ter condi\u00e7\u00f5es de pagar a conta)<\/em><br \/>\n<\/br><\/p>\n<p><img decoding=\"async\" src=\"http:\/\/aconteceunovale.com.br\/portal\/wp-content\/uploads\/2014\/07\/tarifa_abusiva_copasa_almenara_1.jpg\" alt=\"\" \/><em>(Taxa de esgoto representa 90% do valor cobrado pelo fornecimento de \u00e1gua)<\/em><br \/>\n<\/br><\/p>\n<p><strong><em>(Fonte: Aconteceu no Vale \/ Di\u00e1rio do Jequi)<\/em><\/strong><\/p>\n","protected":false},"excerpt":{"rendered":"<p>At\u00e9 90% do valor cobrado pelo consumo de \u00e1gua. Essa \u00e9 a taxa de Esgoto Din\u00e2nimo com Coleta e tratamento (EDT) cobrada pela Copasa. Na manh\u00e3 desta ter\u00e7a-feira, 01 de julho de 2014, moradores de Almenara, no Vale do Jequitinhonha, foram surpreendidos com a cobran\u00e7a da tarifa e uma justificativa dos leituristas que entregavam junto [&hellip;]<\/p>\n","protected":false},"author":1,"featured_media":33495,"comment_status":"open","ping_status":"closed","sticky":false,"template":"","format":"standard","meta":{"amp_status":"","footnotes":""},"categories":[120],"tags":[142,10022,1018,10023,10021],"class_list":["post-33493","post","type-post","status-publish","format-standard","has-post-thumbnail","hentry","category-jequi","tag-almenara","tag-ate-90-do-valor-cobrado-pelo-consumo-de-agua","tag-destaque","tag-essa-e-a-taxa-de-esgoto-dinanimo-com-coleta-e-tratamento-edt-cobrada-pela-copasa","tag-moradores-de-almenara-consideram-taxa-de-coleta-e-tratamento-de-esgoto-abusiva"],"_links":{"self":[{"href":"https:\/\/aconteceunovale.com.br\/portal\/index.php?rest_route=\/wp\/v2\/posts\/33493","targetHints":{"allow":["GET"]}}],"collection":[{"href":"https:\/\/aconteceunovale.com.br\/portal\/index.php?rest_route=\/wp\/v2\/posts"}],"about":[{"href":"https:\/\/aconteceunovale.com.br\/portal\/index.php?rest_route=\/wp\/v2\/types\/post"}],"author":[{"embeddable":true,"href":"https:\/\/aconteceunovale.com.br\/portal\/index.php?rest_route=\/wp\/v2\/users\/1"}],"replies":[{"embeddable":true,"href":"https:\/\/aconteceunovale.com.br\/portal\/index.php?rest_route=%2Fwp%2Fv2%2Fcomments&post=33493"}],"version-history":[{"count":0,"href":"https:\/\/aconteceunovale.com.br\/portal\/index.php?rest_route=\/wp\/v2\/posts\/33493\/revisions"}],"wp:featuredmedia":[{"embeddable":true,"href":"https:\/\/aconteceunovale.com.br\/portal\/index.php?rest_route=\/wp\/v2\/media\/33495"}],"wp:attachment":[{"href":"https:\/\/aconteceunovale.com.br\/portal\/index.php?rest_route=%2Fwp%2Fv2%2Fmedia&parent=33493"}],"wp:term":[{"taxonomy":"category","embeddable":true,"href":"https:\/\/aconteceunovale.com.br\/portal\/index.php?rest_route=%2Fwp%2Fv2%2Fcategories&post=33493"},{"taxonomy":"post_tag","embeddable":true,"href":"https:\/\/aconteceunovale.com.br\/portal\/index.php?rest_route=%2Fwp%2Fv2%2Ftags&post=33493"}],"curies":[{"name":"wp","href":"https:\/\/api.w.org\/{rel}","templated":true}]}}