{"id":33487,"date":"2014-07-01T13:35:16","date_gmt":"2014-07-01T16:35:16","guid":{"rendered":"http:\/\/aconteceunovale.com.br\/portal\/?p=33487"},"modified":"2014-07-01T13:35:16","modified_gmt":"2014-07-01T16:35:16","slug":"homem-mata-irmao-de-31-anos-a-facadas-apos-desentendimento-em-bar-de-alpercata","status":"publish","type":"post","link":"https:\/\/aconteceunovale.com.br\/portal\/?p=33487","title":{"rendered":"Homem mata irm\u00e3o de 31 anos a facadas ap\u00f3s desentendimento em bar de Alpercata"},"content":{"rendered":"<p>Um rapaz de 24 anos matou o irm\u00e3o, de 31 anos, ap\u00f3s uma discuss\u00e3o, no Bairro Jos\u00e9 Ac\u00e1cio Bento, em Alpercata, no Leste de Minas Gerais, na madrugada desta ter\u00e7a-feira (1\u00ba). Segundo o Boletim de Ocorr\u00eancia, o crime aconteceu por volta da meia noite.<\/p>\n<p>O pai do suspeito de ser o autor do crime foi quem acionou a pol\u00edcia. Ao acordar, por volta das 4 horas, ele foi at\u00e9 a sala e percebeu manchas de sangue no ch\u00e3o. Ao acender a luz do c\u00f4modo, ele viu a v\u00edtima no sof\u00e1 coberta com um cobertor sujo de sangue.<\/p>\n<p>Quando a pol\u00edcia chegou ao local, o homem j\u00e1 estava morto. Na casa moram o pai, a m\u00e3e, a esposa do suspeito e uma filha do casal. Uma vizinha disse \u00e0 pol\u00edcia ter visto os irm\u00e3os bebendo em um bar. Ela disse ainda que, depois de beberem, os irm\u00e3os sa\u00edram juntos e n\u00e3o foram mais vistos.<\/p>\n<p>Uma equipe da PM foi at\u00e9 a casa de uma tia do suspeito que contou aos militares que ele esteve na sua casa por volta de 1 hora da madrugada afirmando que havia feito uma \u201cbesteira\u201d. Ele teria confessado para a tia que havia esfaqueado o irm\u00e3o. No local, o suspeito trocou de roupa e tentou queimar a bermuda suja de sangue antes de fugir.<\/p>\n<p>Segundo o pai do suspeito, o filho estava morando em Barra de S\u00e3o Francisco (ES) e veio para Alpercata para participar de uma festa tradicional da cidade. Com problemas financeiros, ele n\u00e3o conseguiu retornar \u00e0 cidade capixaba. O corpo da v\u00edtima foi encaminhado ao Posto de Per\u00edcias Integradas (PPI) de Governador Valadares.<\/p>\n<p><em>(Diego Souza \/ Inter TV dos Vales)<\/em><\/p>\n","protected":false},"excerpt":{"rendered":"<p>Um rapaz de 24 anos matou o irm\u00e3o, de 31 anos, ap\u00f3s uma discuss\u00e3o, no Bairro Jos\u00e9 Ac\u00e1cio Bento, em Alpercata, no Leste de Minas Gerais, na madrugada desta ter\u00e7a-feira (1\u00ba). Segundo o Boletim de Ocorr\u00eancia, o crime aconteceu por volta da meia noite. O pai do suspeito de ser o autor do crime foi [&hellip;]<\/p>\n","protected":false},"author":1,"featured_media":32816,"comment_status":"open","ping_status":"closed","sticky":false,"template":"","format":"standard","meta":{"amp_status":"","footnotes":""},"categories":[121],"tags":[274,10017],"class_list":["post-33487","post","type-post","status-publish","format-standard","has-post-thumbnail","hentry","category-leste","tag-alpercata","tag-homem-mata-irmao-de-31-anos-a-facadas-apos-desentendimento-em-bar-de-alpercata"],"_links":{"self":[{"href":"https:\/\/aconteceunovale.com.br\/portal\/index.php?rest_route=\/wp\/v2\/posts\/33487","targetHints":{"allow":["GET"]}}],"collection":[{"href":"https:\/\/aconteceunovale.com.br\/portal\/index.php?rest_route=\/wp\/v2\/posts"}],"about":[{"href":"https:\/\/aconteceunovale.com.br\/portal\/index.php?rest_route=\/wp\/v2\/types\/post"}],"author":[{"embeddable":true,"href":"https:\/\/aconteceunovale.com.br\/portal\/index.php?rest_route=\/wp\/v2\/users\/1"}],"replies":[{"embeddable":true,"href":"https:\/\/aconteceunovale.com.br\/portal\/index.php?rest_route=%2Fwp%2Fv2%2Fcomments&post=33487"}],"version-history":[{"count":0,"href":"https:\/\/aconteceunovale.com.br\/portal\/index.php?rest_route=\/wp\/v2\/posts\/33487\/revisions"}],"wp:featuredmedia":[{"embeddable":true,"href":"https:\/\/aconteceunovale.com.br\/portal\/index.php?rest_route=\/wp\/v2\/media\/32816"}],"wp:attachment":[{"href":"https:\/\/aconteceunovale.com.br\/portal\/index.php?rest_route=%2Fwp%2Fv2%2Fmedia&parent=33487"}],"wp:term":[{"taxonomy":"category","embeddable":true,"href":"https:\/\/aconteceunovale.com.br\/portal\/index.php?rest_route=%2Fwp%2Fv2%2Fcategories&post=33487"},{"taxonomy":"post_tag","embeddable":true,"href":"https:\/\/aconteceunovale.com.br\/portal\/index.php?rest_route=%2Fwp%2Fv2%2Ftags&post=33487"}],"curies":[{"name":"wp","href":"https:\/\/api.w.org\/{rel}","templated":true}]}}