{"id":33484,"date":"2014-07-01T13:27:22","date_gmt":"2014-07-01T16:27:22","guid":{"rendered":"http:\/\/aconteceunovale.com.br\/portal\/?p=33484"},"modified":"2014-07-01T13:27:22","modified_gmt":"2014-07-01T16:27:22","slug":"criminosos-tentam-matar-mulher-com-crianca-de-colo-em-governador-valadares","status":"publish","type":"post","link":"https:\/\/aconteceunovale.com.br\/portal\/?p=33484","title":{"rendered":"Criminosos tentam matar mulher com crian\u00e7a de colo em Governador Valadares"},"content":{"rendered":"<p>Uma mulher de 21 anos sofreu uma tentativa de homic\u00eddio na noite desta segunda-feira (30), no Bairro Santa Rita, em Governador Valadares, no Leste de Minas Gerais.<\/p>\n<p>De acordo com informa\u00e7\u00f5es que constam no Boletim de Ocorr\u00eancia, a mulher carregava no colo uma crian\u00e7a de apenas um ano e meio. Ela, a crian\u00e7a e um menor de 17 anos que tamb\u00e9m a acompanhava n\u00e3o foram atingidos por pouco.<\/p>\n<p>As v\u00edtimas disseram \u00e0 Pol\u00edcia Militar que dois suspeitos chegaram de bicicleta e atiraram. O crime aconteceu por volta das 19h45, na Avenida Presidente Kennedy. Os suspeitos de 18 e 19 anos foram presos pela PM e j\u00e1 t\u00eam passagem por tr\u00e1fico de drogas. Eles s\u00e3o suspeitos de envolvimento em um homic\u00eddio registrado no dia 24 de junho.<\/p>\n<p>\u201cEles s\u00e3o suspeitos de envolvimento em outro crime, o assassinato de um jovem de 21 anos na semana passada, tamb\u00e9m no Bairro Santa Rita. Depois de ser morto a tiros e quase ter a cabe\u00e7a separada do corpo o suspeito ainda jogou o corpo na casa ao lado que estava sem moradores\u201d, lembra o cabo Welter Ramires Soares.<\/p>\n<p>As v\u00edtimas disseram que n\u00e3o conhecem os suspeitos. Antes de serem presos eles tentaram fugir do local do crime, mas foram presos pela pol\u00edcia em uma casa que fica pr\u00f3ximo ao lugar onde a tentativa de homic\u00eddio aconteceu. Nesta casa foram encontrados dois rev\u00f3lveres, calibres 22 e 32, muni\u00e7\u00f5es, drogas e uma balan\u00e7a de precis\u00e3o. Eles foram encaminhados \u00e0 delegacia de Valadares.<\/p>\n<p><img decoding=\"async\" src=\"http:\/\/aconteceunovale.com.br\/portal\/wp-content\/uploads\/2014\/07\/material_tentativa_homicidio_gv_30_6.jpg\" alt=\"\" \/><strong><em>(Material apreendido com os suspeitos &#8211; Foto: Diego Souza \/ Informa\u00e7\u00f5es: Inter TV dos Vales)<\/em><\/strong><\/p>\n","protected":false},"excerpt":{"rendered":"<p>Uma mulher de 21 anos sofreu uma tentativa de homic\u00eddio na noite desta segunda-feira (30), no Bairro Santa Rita, em Governador Valadares, no Leste de Minas Gerais. De acordo com informa\u00e7\u00f5es que constam no Boletim de Ocorr\u00eancia, a mulher carregava no colo uma crian\u00e7a de apenas um ano e meio. Ela, a crian\u00e7a e um [&hellip;]<\/p>\n","protected":false},"author":1,"featured_media":33485,"comment_status":"open","ping_status":"closed","sticky":false,"template":"","format":"standard","meta":{"amp_status":"","footnotes":""},"categories":[121],"tags":[10016,247],"class_list":["post-33484","post","type-post","status-publish","format-standard","has-post-thumbnail","hentry","category-leste","tag-criminosos-tentam-matar-mulher-com-crianca-de-colo-em-governador-valadares","tag-governador-valadares"],"_links":{"self":[{"href":"https:\/\/aconteceunovale.com.br\/portal\/index.php?rest_route=\/wp\/v2\/posts\/33484","targetHints":{"allow":["GET"]}}],"collection":[{"href":"https:\/\/aconteceunovale.com.br\/portal\/index.php?rest_route=\/wp\/v2\/posts"}],"about":[{"href":"https:\/\/aconteceunovale.com.br\/portal\/index.php?rest_route=\/wp\/v2\/types\/post"}],"author":[{"embeddable":true,"href":"https:\/\/aconteceunovale.com.br\/portal\/index.php?rest_route=\/wp\/v2\/users\/1"}],"replies":[{"embeddable":true,"href":"https:\/\/aconteceunovale.com.br\/portal\/index.php?rest_route=%2Fwp%2Fv2%2Fcomments&post=33484"}],"version-history":[{"count":0,"href":"https:\/\/aconteceunovale.com.br\/portal\/index.php?rest_route=\/wp\/v2\/posts\/33484\/revisions"}],"wp:featuredmedia":[{"embeddable":true,"href":"https:\/\/aconteceunovale.com.br\/portal\/index.php?rest_route=\/wp\/v2\/media\/33485"}],"wp:attachment":[{"href":"https:\/\/aconteceunovale.com.br\/portal\/index.php?rest_route=%2Fwp%2Fv2%2Fmedia&parent=33484"}],"wp:term":[{"taxonomy":"category","embeddable":true,"href":"https:\/\/aconteceunovale.com.br\/portal\/index.php?rest_route=%2Fwp%2Fv2%2Fcategories&post=33484"},{"taxonomy":"post_tag","embeddable":true,"href":"https:\/\/aconteceunovale.com.br\/portal\/index.php?rest_route=%2Fwp%2Fv2%2Ftags&post=33484"}],"curies":[{"name":"wp","href":"https:\/\/api.w.org\/{rel}","templated":true}]}}