{"id":33480,"date":"2014-07-01T12:53:20","date_gmt":"2014-07-01T15:53:20","guid":{"rendered":"http:\/\/aconteceunovale.com.br\/portal\/?p=33480"},"modified":"2014-07-01T12:54:18","modified_gmt":"2014-07-01T15:54:18","slug":"jovem-e-executado-a-tiros-em-plena-luz-do-dia-no-bairro-iguacu-em-ipatinga","status":"publish","type":"post","link":"https:\/\/aconteceunovale.com.br\/portal\/?p=33480","title":{"rendered":"Jovem \u00e9 executado a tiros em plena luz do dia no Bairro Igua\u00e7u em Ipatinga"},"content":{"rendered":"<p>Um jovem de 19 anos, identificado como RAFAEL J\u00daNIO GOMES, foi morto a tiros na tarde desta segunda-feira, 30 de junho, no Bairro Igua\u00e7u, em Ipatinga\/MG. Segundo familiares, o rapaz morava em Concei\u00e7\u00e3o do Mato Dentro, onde trabalhava como ajudante de eletricista em uma empreiteira e estaria em Ipatinga para participar da festa de anivers\u00e1rio de sua irm\u00e3.<\/p>\n<p><img decoding=\"async\" src=\"http:\/\/aconteceunovale.com.br\/portal\/wp-content\/uploads\/2014\/07\/morto_a_tiros_ipatinga_30.jpg\" alt=\"\" \/><em>V\u00edtima foi surpreendida por dois homens em uma moto \u2013 Foto: Gizelle Ferreira<\/em><br \/>\n<\/br><\/p>\n<p>De acordo com a Pol\u00edcia Militar, um irm\u00e3o da v\u00edtima relatou que minutos antes do crime teria passado pelo local e visto o Rafael conversando com dois indiv\u00edduos que estavam em uma motocicleta de cor escura. <\/p>\n<p>Uma ambul\u00e2ncia chegou a socorrer a v\u00edtima no local, mas ele n\u00e3o resistiu aos ferimentos e morreu. O perito da Pol\u00edcia Civil encontrou tr\u00eas perfura\u00e7\u00f5es no corpo da v\u00edtima, sendo uma na boca, uma nas costas e outra no ombro direito.<\/p>\n<p>Embora os familiares afirmem desconhecer qualquer desaven\u00e7a ou envolvimento da v\u00edtima com drogas, segundo a Pol\u00edcia Militar, Rafael possui passagem por tr\u00e1fico de drogas.<\/p>\n<p>A Pol\u00edcia realiza rastreamentos para localizar e prender os autores do crime, por\u00e9m sem \u00eaxito at\u00e9 o momento.<\/p>\n<p><em>(Fonte: Aconteceu no Vale \/ Jornal Vale do A\u00e7o)<\/em><\/p>\n","protected":false},"excerpt":{"rendered":"<p>Um jovem de 19 anos, identificado como RAFAEL J\u00daNIO GOMES, foi morto a tiros na tarde desta segunda-feira, 30 de junho, no Bairro Igua\u00e7u, em Ipatinga\/MG. Segundo familiares, o rapaz morava em Concei\u00e7\u00e3o do Mato Dentro, onde trabalhava como ajudante de eletricista em uma empreiteira e estaria em Ipatinga para participar da festa de anivers\u00e1rio [&hellip;]<\/p>\n","protected":false},"author":1,"featured_media":33481,"comment_status":"open","ping_status":"closed","sticky":false,"template":"","format":"standard","meta":{"amp_status":"","footnotes":""},"categories":[121],"tags":[628,1018,10015,201,10013,10014],"class_list":["post-33480","post","type-post","status-publish","format-standard","has-post-thumbnail","hentry","category-leste","tag-conceicao-do-mato-dentro","tag-destaque","tag-funcionario-de-empreiteira-de-conceicao-do-mato-dentro-e-morto-a-tiros-em-ipatinga","tag-ipatinga","tag-jovem-e-executado-a-tiros-em-plena-luz-do-dia-no-bairro-iguacu-em-ipatinga","tag-rafael-junio-gomes"],"_links":{"self":[{"href":"https:\/\/aconteceunovale.com.br\/portal\/index.php?rest_route=\/wp\/v2\/posts\/33480","targetHints":{"allow":["GET"]}}],"collection":[{"href":"https:\/\/aconteceunovale.com.br\/portal\/index.php?rest_route=\/wp\/v2\/posts"}],"about":[{"href":"https:\/\/aconteceunovale.com.br\/portal\/index.php?rest_route=\/wp\/v2\/types\/post"}],"author":[{"embeddable":true,"href":"https:\/\/aconteceunovale.com.br\/portal\/index.php?rest_route=\/wp\/v2\/users\/1"}],"replies":[{"embeddable":true,"href":"https:\/\/aconteceunovale.com.br\/portal\/index.php?rest_route=%2Fwp%2Fv2%2Fcomments&post=33480"}],"version-history":[{"count":0,"href":"https:\/\/aconteceunovale.com.br\/portal\/index.php?rest_route=\/wp\/v2\/posts\/33480\/revisions"}],"wp:featuredmedia":[{"embeddable":true,"href":"https:\/\/aconteceunovale.com.br\/portal\/index.php?rest_route=\/wp\/v2\/media\/33481"}],"wp:attachment":[{"href":"https:\/\/aconteceunovale.com.br\/portal\/index.php?rest_route=%2Fwp%2Fv2%2Fmedia&parent=33480"}],"wp:term":[{"taxonomy":"category","embeddable":true,"href":"https:\/\/aconteceunovale.com.br\/portal\/index.php?rest_route=%2Fwp%2Fv2%2Fcategories&post=33480"},{"taxonomy":"post_tag","embeddable":true,"href":"https:\/\/aconteceunovale.com.br\/portal\/index.php?rest_route=%2Fwp%2Fv2%2Ftags&post=33480"}],"curies":[{"name":"wp","href":"https:\/\/api.w.org\/{rel}","templated":true}]}}