{"id":33475,"date":"2014-07-01T11:59:56","date_gmt":"2014-07-01T14:59:56","guid":{"rendered":"http:\/\/aconteceunovale.com.br\/portal\/?p=33475"},"modified":"2014-07-01T12:00:46","modified_gmt":"2014-07-01T15:00:46","slug":"homem-e-preso-depois-de-roubar-caminhao-na-br-251-em-grao-mogol","status":"publish","type":"post","link":"https:\/\/aconteceunovale.com.br\/portal\/?p=33475","title":{"rendered":"Homem \u00e9 preso depois de roubar caminh\u00e3o na BR-251, em Gr\u00e3o Mogol"},"content":{"rendered":"<h4><strong>Suspeito disse que faz parte de grupo que assalta caminhoneiros na regi\u00e3o. Duas armas, toucas ninja e cordas foram apreendidas dentro do caminh\u00e3o<\/strong><\/h4>\n<p>As Pol\u00edcias Militar de Gr\u00e3o Mogol e Salinas, no Norte de Minas Gerais, prenderam um homem de 26 anos, natural de Itabaiana (SE), suspeito de roubar um caminh\u00e3o na BR-251, em Vale das Cancelas. Um criminoso conseguiu fugir.<br \/>\nLogo ap\u00f3s a PM receber uma den\u00fancia de que os homens seguiam com um caminh\u00e3o roubado em dire\u00e7\u00e3o a Salinas, foi montada uma opera\u00e7\u00e3o de cerco e bloqueio para interceptar o ve\u00edculo.<\/p>\n<p>Segundo a PM, quando os assaltantes perceberam que iriam ser abordados, perto de um posto de combust\u00edveis, pararam a carreta e trocaram tiros com a pol\u00edcia. Nesse momento um deles foi preso e o outro conseguiu fugir por um matagal. <\/p>\n<p>Duas armas, toucas ninja e cordas foram apreendidas dentro do caminh\u00e3o. O homem que foi preso disse que estava na regi\u00e3o junto com outros dois comparsas e que o grupo faz assaltos a caminhoneiros constantemente. A  pol\u00edcia suspeita que a inten\u00e7\u00e3o deles era roubar os pneus do caminh\u00e3o. O caminhoneiro foi amarrado pelos criminosos. <em>(PMMG \/ G1)<\/em><\/p>\n","protected":false},"excerpt":{"rendered":"<p>Suspeito disse que faz parte de grupo que assalta caminhoneiros na regi\u00e3o. Duas armas, toucas ninja e cordas foram apreendidas dentro do caminh\u00e3o As Pol\u00edcias Militar de Gr\u00e3o Mogol e Salinas, no Norte de Minas Gerais, prenderam um homem de 26 anos, natural de Itabaiana (SE), suspeito de roubar um caminh\u00e3o na BR-251, em Vale [&hellip;]<\/p>\n","protected":false},"author":1,"featured_media":33477,"comment_status":"open","ping_status":"closed","sticky":false,"template":"","format":"standard","meta":{"amp_status":"","footnotes":""},"categories":[1236],"tags":[1153,10010,190],"class_list":["post-33475","post","type-post","status-publish","format-standard","has-post-thumbnail","hentry","category-norte_de_minas","tag-grao-mogol","tag-homem-e-preso-depois-de-roubar-caminhao-na-br-251","tag-salinas"],"_links":{"self":[{"href":"https:\/\/aconteceunovale.com.br\/portal\/index.php?rest_route=\/wp\/v2\/posts\/33475","targetHints":{"allow":["GET"]}}],"collection":[{"href":"https:\/\/aconteceunovale.com.br\/portal\/index.php?rest_route=\/wp\/v2\/posts"}],"about":[{"href":"https:\/\/aconteceunovale.com.br\/portal\/index.php?rest_route=\/wp\/v2\/types\/post"}],"author":[{"embeddable":true,"href":"https:\/\/aconteceunovale.com.br\/portal\/index.php?rest_route=\/wp\/v2\/users\/1"}],"replies":[{"embeddable":true,"href":"https:\/\/aconteceunovale.com.br\/portal\/index.php?rest_route=%2Fwp%2Fv2%2Fcomments&post=33475"}],"version-history":[{"count":0,"href":"https:\/\/aconteceunovale.com.br\/portal\/index.php?rest_route=\/wp\/v2\/posts\/33475\/revisions"}],"wp:featuredmedia":[{"embeddable":true,"href":"https:\/\/aconteceunovale.com.br\/portal\/index.php?rest_route=\/wp\/v2\/media\/33477"}],"wp:attachment":[{"href":"https:\/\/aconteceunovale.com.br\/portal\/index.php?rest_route=%2Fwp%2Fv2%2Fmedia&parent=33475"}],"wp:term":[{"taxonomy":"category","embeddable":true,"href":"https:\/\/aconteceunovale.com.br\/portal\/index.php?rest_route=%2Fwp%2Fv2%2Fcategories&post=33475"},{"taxonomy":"post_tag","embeddable":true,"href":"https:\/\/aconteceunovale.com.br\/portal\/index.php?rest_route=%2Fwp%2Fv2%2Ftags&post=33475"}],"curies":[{"name":"wp","href":"https:\/\/api.w.org\/{rel}","templated":true}]}}