{"id":33458,"date":"2014-07-01T11:21:55","date_gmt":"2014-07-01T14:21:55","guid":{"rendered":"http:\/\/aconteceunovale.com.br\/portal\/?p=33458"},"modified":"2014-07-01T11:21:55","modified_gmt":"2014-07-01T14:21:55","slug":"aecio-dispara-na-intencao-de-votos-para-presidente-em-minas-gerais","status":"publish","type":"post","link":"https:\/\/aconteceunovale.com.br\/portal\/?p=33458","title":{"rendered":"A\u00e9cio dispara na inten\u00e7\u00e3o de votos para presidente em Minas Gerais"},"content":{"rendered":"<h4><em><strong>Pesquisa MDA\/EM Data sobre a inten\u00e7\u00e3o de voto dos mineiros para presidente mostra A\u00e9cio Neves com 43,8%, contra 31,9% de Dilma. O tucano tamb\u00e9m venceria numa simula\u00e7\u00e3o de segundo turno<\/strong><\/em><\/h4>\n<p>Se dependesse somente do votos dos mineiros, o senador A\u00e9cio Neves (PSDB) estaria eleito presidente do Brasil pelos pr\u00f3ximos quatro anos. A primeira rodada da pesquisa MDA\/EM Data, encomendada pelo Estado de Minas, mostra o tucano na dianteira da disputa presidencial, com 43,8% das inten\u00e7\u00f5es de voto, seguido da presidente e candidata \u00e0 reelei\u00e7\u00e3o Dilma Rousseff (PT), com 31,9%. O ex-governador de Pernambuco Eduardo Campos (PSB) aparece na terceira coloca\u00e7\u00e3o, com 4,3%. Pastor Everaldo (PSC) recebeu a indica\u00e7\u00e3o de 1,8% daqueles que responderam ao levantamento. Brancos, nulos e indecisos somam 16,8%. Outros candidatos somaram 1,3%.<\/p>\n<p>A pesquisa registrada sob o n\u00famero 00188\/2014 foi realizada entre 22 e 26 de junho e ouviu 2.002 eleitores. A margem de erro \u00e9 de 2,2 pontos percentuais para mais ou para menos. Na modalidade espont\u00e2nea \u2013 quando n\u00e3o s\u00e3o apresentados os nomes dos candidatos \u2013, o senador A\u00e9cio Neves continua na frente, mas com uma vantagem bem menor: o tucano foi apontado por 27,1% dos eleitores, seguido de perto por Dilma Rousseff, citada por 24,7%. Eduardo Campos recebeu a men\u00e7\u00e3o de 1,9%. O ex-presidente Luiz In\u00e1cio Lula da Silva (PT), que n\u00e3o \u00e9 candidato, foi citado por 1,2%. Marina Silva, que comp\u00f5e a chapa de Eduardo Campos como candidata a vice-presidente, recebeu 0,9% das indica\u00e7\u00f5es.<\/p>\n<p>Em uma simula\u00e7\u00e3o de segundo turno, A\u00e9cio Neves vence nos dois cen\u00e1rios em que aparece. No primeiro deles, contra Dilma Rousseff, o tucano derrota a petista por 49,7% a 35,5%. Brancos, nulos e indecisos somaram 14,8%. Em uma disputa com Eduardo Campos, o tucano venceria com mais folga ainda: 63,7% a 14,4%. Brancos, nulos e indecisos somaram 21,9%. Em um terceiro cen\u00e1rio em que a disputa ficaria com Dilma Rousseff e Eduardo Campos, a petista leva vantagem por 45,3% a 30,9%. Indecisos e aqueles que pretendem votar em brancos ou anular o voto totalizaram 23,7%.<\/p>\n<p><img decoding=\"async\" src=\"http:\/\/aconteceunovale.com.br\/portal\/wp-content\/uploads\/2014\/07\/pesquisa_01_7_1.jpg\" alt=\"\" \/><img decoding=\"async\" src=\"http:\/\/aconteceunovale.com.br\/portal\/wp-content\/uploads\/2014\/07\/pesquisa_01_7_2.jpg\" alt=\"\" \/><br \/>\n<\/br><\/p>\n<h3><strong>Aprova\u00e7\u00e3o<\/strong><\/h3>\n<p>Na avalia\u00e7\u00e3o do diretor do MDA\/EM Data, Marcelo Costa Souza, a prefer\u00eancia dos mineiros por A\u00e9cio Neves \u00e9 reflexo da boa avalia\u00e7\u00e3o do tucano nos pouco mais de sete anos em que governou Minas Gerais \u2013 ele deixou o cargo em abril de 2010 para disputar uma cadeira no Senado. \u201cMas isso n\u00e3o significa uma reprova\u00e7\u00e3o a Dilma, at\u00e9 porque o \u00edndice dela \u00e9 semelhante aos n\u00fameros das pesquisas nacionais\u201d, diz o pesquisador.<\/p>\n<p>Um ponto que chama a aten\u00e7\u00e3o na pesquisa \u00e9 o baixo n\u00famero de indecisos (7,1%) e daqueles que manifestaram a inten\u00e7\u00e3o de votar em branco ou nulo (9,7%). Uma explica\u00e7\u00e3o apresentada por Marcelo Costa \u00e9 o fato de ambos serem bem conhecidos no estado: A\u00e9cio por ter sido governador por dois mandatos, e Dilma por ser a atual presidente da Rep\u00fablica. <em>(Estado de Minas)<\/em><\/p>\n","protected":false},"excerpt":{"rendered":"<p>Pesquisa MDA\/EM Data sobre a inten\u00e7\u00e3o de voto dos mineiros para presidente mostra A\u00e9cio Neves com 43,8%, contra 31,9% de Dilma. O tucano tamb\u00e9m venceria numa simula\u00e7\u00e3o de segundo turno Se dependesse somente do votos dos mineiros, o senador A\u00e9cio Neves (PSDB) estaria eleito presidente do Brasil pelos pr\u00f3ximos quatro anos. A primeira rodada da [&hellip;]<\/p>\n","protected":false},"author":1,"featured_media":33461,"comment_status":"open","ping_status":"closed","sticky":false,"template":"","format":"standard","meta":{"amp_status":"","footnotes":""},"categories":[123],"tags":[10005,1018,3394],"class_list":["post-33458","post","type-post","status-publish","format-standard","has-post-thumbnail","hentry","category-gerais","tag-aecio-dispara-na-intencao-de-votos-para-presidente-em-minas-gerais","tag-destaque","tag-eleicoes-2014"],"_links":{"self":[{"href":"https:\/\/aconteceunovale.com.br\/portal\/index.php?rest_route=\/wp\/v2\/posts\/33458","targetHints":{"allow":["GET"]}}],"collection":[{"href":"https:\/\/aconteceunovale.com.br\/portal\/index.php?rest_route=\/wp\/v2\/posts"}],"about":[{"href":"https:\/\/aconteceunovale.com.br\/portal\/index.php?rest_route=\/wp\/v2\/types\/post"}],"author":[{"embeddable":true,"href":"https:\/\/aconteceunovale.com.br\/portal\/index.php?rest_route=\/wp\/v2\/users\/1"}],"replies":[{"embeddable":true,"href":"https:\/\/aconteceunovale.com.br\/portal\/index.php?rest_route=%2Fwp%2Fv2%2Fcomments&post=33458"}],"version-history":[{"count":0,"href":"https:\/\/aconteceunovale.com.br\/portal\/index.php?rest_route=\/wp\/v2\/posts\/33458\/revisions"}],"wp:featuredmedia":[{"embeddable":true,"href":"https:\/\/aconteceunovale.com.br\/portal\/index.php?rest_route=\/wp\/v2\/media\/33461"}],"wp:attachment":[{"href":"https:\/\/aconteceunovale.com.br\/portal\/index.php?rest_route=%2Fwp%2Fv2%2Fmedia&parent=33458"}],"wp:term":[{"taxonomy":"category","embeddable":true,"href":"https:\/\/aconteceunovale.com.br\/portal\/index.php?rest_route=%2Fwp%2Fv2%2Fcategories&post=33458"},{"taxonomy":"post_tag","embeddable":true,"href":"https:\/\/aconteceunovale.com.br\/portal\/index.php?rest_route=%2Fwp%2Fv2%2Ftags&post=33458"}],"curies":[{"name":"wp","href":"https:\/\/api.w.org\/{rel}","templated":true}]}}