{"id":33450,"date":"2014-07-01T10:59:00","date_gmt":"2014-07-01T13:59:00","guid":{"rendered":"http:\/\/aconteceunovale.com.br\/portal\/?p=33450"},"modified":"2014-07-01T10:59:00","modified_gmt":"2014-07-01T13:59:00","slug":"obras-de-duplicacao-da-br-381-vao-ganhando-forma","status":"publish","type":"post","link":"https:\/\/aconteceunovale.com.br\/portal\/?p=33450","title":{"rendered":"Obras de duplica\u00e7\u00e3o da BR-381 v\u00e3o ganhando forma"},"content":{"rendered":"<p>As obras de duplica\u00e7\u00e3o da BR-381, entre Belo Horizonte e Governador Valadares, iniciadas em maio, come\u00e7am a ganhar forma e alimentam a esperan\u00e7a dos moradores das cidades pr\u00f3ximas \u00e0 rodovia. Em pouco mais de um m\u00eas dois t\u00faneis foram iniciados, pr\u00f3ximo a Ant\u00f4nio Dias, no Vale do A\u00e7o, e em v\u00e1rios trechos entre Caet\u00e9 e o trevo de Bar\u00e3o de Cocais m\u00e1quinas e caminh\u00f5es trabalham escavando terrenos e recolhendo a terra. <\/p>\n<p>A obra que mais chama a aten\u00e7\u00e3o de quem percorre a 381 entre Belo Horizonte e Governador Valadares \u00e9 a constru\u00e7\u00e3o de dois t\u00faneis. Um deles ter\u00e1 409 metros de extens\u00e3o e o outro, 432 metros. A previs\u00e3o \u00e9 de que sejam conclu\u00eddos em um ano e meio e o valor total do contrato \u00e9 de R$ 56,95 milh\u00f5es. A duplica\u00e7\u00e3o dos oito lotes da rodovia j\u00e1 licitados envolver\u00e1 1.220 m\u00e1quinas e equipamentos, 29.120 toneladas de a\u00e7o e 48,2 quil\u00f4metros de metros quadrados em terraplenagem. Em rela\u00e7\u00e3o \u00e0 m\u00e3o de obra estimada pelas empresas, est\u00e1 prevista a contrata\u00e7\u00e3o de 5.729 trabalhadores e cerca de 14 milh\u00f5es de refei\u00e7\u00f5es.<\/p>\n<p><img decoding=\"async\" src=\"http:\/\/aconteceunovale.com.br\/portal\/wp-content\/uploads\/2014\/07\/obras_381_continuam_1.jpg\" alt=\"\" \/><em>Constru\u00e7\u00e3o de t\u00faneis em Ant\u00f4nio Dias, no Vale do A\u00e7o &#8211; Foto: Ed\u00e9sio Ferreira \/ Estado de Minas<\/em><br \/>\n<\/br><\/p>\n<h4><strong>Per\u00edodo Eleitoral<\/strong><\/h4>\n<p>A obra da 381 est\u00e1 no centro do debate pol\u00edtico em Minas Gerais. Se, por um lado, a presidente Dilma Rousseff (PT) poder\u00e1 usar as obras na campanha, mostrando que atendeu a uma demanda hist\u00f3rica dos mineiros, por outro, a oposi\u00e7\u00e3o, liderada pelo PSDB, aponta falhas. A principal delas \u00e9 a aus\u00eancia de um projeto para duplica\u00e7\u00e3o integral da 381, pois um trecho de 72,8 quil\u00f4metros entre Belo Oriente e Governador Valadares ficou de fora. <\/p>\n<p>Para esse percurso est\u00e3o previstas melhorias, como a constru\u00e7\u00e3o de uma terceira pista e recupera\u00e7\u00e3o de trechos danificados. Quando esteve em Governador Valadares, em janeiro, a presidente Dilma admitiu que o trecho precisa ser duplicado para atender ao tr\u00e1fego crescente da regi\u00e3o. Ela prometeu a inclus\u00e3o de aditivos para que o trecho tamb\u00e9m seja duplicado. Por\u00e9m, a licita\u00e7\u00e3o foi feita sem as modifica\u00e7\u00f5es, o que rendeu pesadas cr\u00edticas do PSDB. <\/p>\n<p>A duplica\u00e7\u00e3o \u00e9 uma reivindica\u00e7\u00e3o hist\u00f3rica dos mineiros. Nas \u00faltimas tr\u00eas d\u00e9cadas o trecho entre Belo Horizonte e Governador Valadares n\u00e3o teve melhorias efetivas. A obra estava prevista no Plano de Acelera\u00e7\u00e3o do Crescimento (PAC)<\/p>\n<p>O in\u00edcio da obra estava previsto para 2012, por\u00e9m uma s\u00e9rie de atrasos com projetos e licen\u00e7as ambientais impediu o in\u00edcio no prazo previsto. O \u00faltimo adiamento foi no final do ano passado, quando o Conselho de Pol\u00edtica Ambiental (Copam), \u00f3rg\u00e3o do governo estadual, barrou o in\u00edcio das obras, pois o projeto n\u00e3o previa compensa\u00e7\u00e3o das \u00e1reas ambientais devastadas. <\/p>\n<p><img decoding=\"async\" src=\"http:\/\/aconteceunovale.com.br\/portal\/wp-content\/uploads\/2014\/07\/obras_381_continuam_2.jpg\" alt=\"\" \/><em>Terraplanagem perto da entrada de Bar\u00e3o de Cocais &#8211; Foto: Ed\u00e9sio Ferreira \/ Estado de Minas<\/em><br \/>\n<\/br><\/p>\n<p><strong><em>(Fonte: Daniel Camargos \/ Estado de Minas)<\/em><\/strong><\/p>\n","protected":false},"excerpt":{"rendered":"<p>As obras de duplica\u00e7\u00e3o da BR-381, entre Belo Horizonte e Governador Valadares, iniciadas em maio, come\u00e7am a ganhar forma e alimentam a esperan\u00e7a dos moradores das cidades pr\u00f3ximas \u00e0 rodovia. Em pouco mais de um m\u00eas dois t\u00faneis foram iniciados, pr\u00f3ximo a Ant\u00f4nio Dias, no Vale do A\u00e7o, e em v\u00e1rios trechos entre Caet\u00e9 e [&hellip;]<\/p>\n","protected":false},"author":1,"featured_media":33451,"comment_status":"open","ping_status":"closed","sticky":false,"template":"","format":"standard","meta":{"amp_status":"","footnotes":""},"categories":[123],"tags":[1740,1525,194,350,6970,247,10002],"class_list":["post-33450","post","type-post","status-publish","format-standard","has-post-thumbnail","hentry","category-gerais","tag-antonio-dias","tag-barao-de-cocais","tag-belo-horizonte","tag-belo-oriente","tag-caete","tag-governador-valadares","tag-obras-de-duplicacao-da-br-381-vao-ganhando-forma"],"_links":{"self":[{"href":"https:\/\/aconteceunovale.com.br\/portal\/index.php?rest_route=\/wp\/v2\/posts\/33450","targetHints":{"allow":["GET"]}}],"collection":[{"href":"https:\/\/aconteceunovale.com.br\/portal\/index.php?rest_route=\/wp\/v2\/posts"}],"about":[{"href":"https:\/\/aconteceunovale.com.br\/portal\/index.php?rest_route=\/wp\/v2\/types\/post"}],"author":[{"embeddable":true,"href":"https:\/\/aconteceunovale.com.br\/portal\/index.php?rest_route=\/wp\/v2\/users\/1"}],"replies":[{"embeddable":true,"href":"https:\/\/aconteceunovale.com.br\/portal\/index.php?rest_route=%2Fwp%2Fv2%2Fcomments&post=33450"}],"version-history":[{"count":0,"href":"https:\/\/aconteceunovale.com.br\/portal\/index.php?rest_route=\/wp\/v2\/posts\/33450\/revisions"}],"wp:featuredmedia":[{"embeddable":true,"href":"https:\/\/aconteceunovale.com.br\/portal\/index.php?rest_route=\/wp\/v2\/media\/33451"}],"wp:attachment":[{"href":"https:\/\/aconteceunovale.com.br\/portal\/index.php?rest_route=%2Fwp%2Fv2%2Fmedia&parent=33450"}],"wp:term":[{"taxonomy":"category","embeddable":true,"href":"https:\/\/aconteceunovale.com.br\/portal\/index.php?rest_route=%2Fwp%2Fv2%2Fcategories&post=33450"},{"taxonomy":"post_tag","embeddable":true,"href":"https:\/\/aconteceunovale.com.br\/portal\/index.php?rest_route=%2Fwp%2Fv2%2Ftags&post=33450"}],"curies":[{"name":"wp","href":"https:\/\/api.w.org\/{rel}","templated":true}]}}