{"id":33426,"date":"2014-06-30T22:27:38","date_gmt":"2014-07-01T01:27:38","guid":{"rendered":"http:\/\/aconteceunovale.com.br\/portal\/?p=33426"},"modified":"2014-06-30T22:27:38","modified_gmt":"2014-07-01T01:27:38","slug":"policia-militar-apreende-menor-suspeito-de-envolvimento-em-assassinato-em-bocaiuva","status":"publish","type":"post","link":"https:\/\/aconteceunovale.com.br\/portal\/?p=33426","title":{"rendered":"Pol\u00edcia Militar apreende menor suspeito de envolvimento em assassinato em Bocaiuva"},"content":{"rendered":"<p>Um menor de 17 anos foi apreendido na tarde desta segunda-feira (30) em Bocaiuva, Norte de Minas, suspeito de ato infracional an\u00e1logo ao crime de homic\u00eddio. Segundo a Pol\u00edcia Militar, o menor foi detido durante o cumprimento de mandado de busca e apreens\u00e3o por suspeita de envolvimento em um assassinato em 2013.<\/p>\n<p>A pol\u00edcia chegou at\u00e9 o menor ap\u00f3s receber informa\u00e7\u00f5es de que ele estava pr\u00f3ximo a BR-135, na entrada da cidade. Com ele foi encontrado um rev\u00f3lver calibre 32 com cinco muni\u00e7\u00f5es.<\/p>\n<p>Ainda de acordo com PM, o menor j\u00e1 foi detido outras vezes por tr\u00e1fico, homic\u00eddio e assaltos. Ele foi apreendido e encaminhado \u00e0 delegacia da cidade. (G1)<\/p>\n","protected":false},"excerpt":{"rendered":"<p>Um menor de 17 anos foi apreendido na tarde desta segunda-feira (30) em Bocaiuva, Norte de Minas, suspeito de ato infracional an\u00e1logo ao crime de homic\u00eddio. Segundo a Pol\u00edcia Militar, o menor foi detido durante o cumprimento de mandado de busca e apreens\u00e3o por suspeita de envolvimento em um assassinato em 2013. A pol\u00edcia chegou [&hellip;]<\/p>\n","protected":false},"author":1,"featured_media":32816,"comment_status":"open","ping_status":"closed","sticky":false,"template":"","format":"standard","meta":{"amp_status":"","footnotes":""},"categories":[1236],"tags":[645,9987],"class_list":["post-33426","post","type-post","status-publish","format-standard","has-post-thumbnail","hentry","category-norte_de_minas","tag-bocaiuva","tag-policia-militar-apreende-menor-suspeito-de-envolvimento-em-assassinato-em-bocaiuva"],"_links":{"self":[{"href":"https:\/\/aconteceunovale.com.br\/portal\/index.php?rest_route=\/wp\/v2\/posts\/33426","targetHints":{"allow":["GET"]}}],"collection":[{"href":"https:\/\/aconteceunovale.com.br\/portal\/index.php?rest_route=\/wp\/v2\/posts"}],"about":[{"href":"https:\/\/aconteceunovale.com.br\/portal\/index.php?rest_route=\/wp\/v2\/types\/post"}],"author":[{"embeddable":true,"href":"https:\/\/aconteceunovale.com.br\/portal\/index.php?rest_route=\/wp\/v2\/users\/1"}],"replies":[{"embeddable":true,"href":"https:\/\/aconteceunovale.com.br\/portal\/index.php?rest_route=%2Fwp%2Fv2%2Fcomments&post=33426"}],"version-history":[{"count":0,"href":"https:\/\/aconteceunovale.com.br\/portal\/index.php?rest_route=\/wp\/v2\/posts\/33426\/revisions"}],"wp:featuredmedia":[{"embeddable":true,"href":"https:\/\/aconteceunovale.com.br\/portal\/index.php?rest_route=\/wp\/v2\/media\/32816"}],"wp:attachment":[{"href":"https:\/\/aconteceunovale.com.br\/portal\/index.php?rest_route=%2Fwp%2Fv2%2Fmedia&parent=33426"}],"wp:term":[{"taxonomy":"category","embeddable":true,"href":"https:\/\/aconteceunovale.com.br\/portal\/index.php?rest_route=%2Fwp%2Fv2%2Fcategories&post=33426"},{"taxonomy":"post_tag","embeddable":true,"href":"https:\/\/aconteceunovale.com.br\/portal\/index.php?rest_route=%2Fwp%2Fv2%2Ftags&post=33426"}],"curies":[{"name":"wp","href":"https:\/\/api.w.org\/{rel}","templated":true}]}}