{"id":33423,"date":"2014-06-30T22:21:24","date_gmt":"2014-07-01T01:21:24","guid":{"rendered":"http:\/\/aconteceunovale.com.br\/portal\/?p=33423"},"modified":"2014-06-30T22:21:24","modified_gmt":"2014-07-01T01:21:24","slug":"policia-militar-apreende-revolver-durante-festa-junina-em-joaima","status":"publish","type":"post","link":"https:\/\/aconteceunovale.com.br\/portal\/?p=33423","title":{"rendered":"Pol\u00edcia Militar apreende rev\u00f3lver durante festa junina em Joa\u00edma"},"content":{"rendered":"<p>A Pol\u00edcia Militar apreendeu uma arma de fogo durante uma festa junina no \u00faltimo s\u00e1bado (28), em Joa\u00edma, no Vale do Jequitinhonha.<\/p>\n<p>De acordo com o registro da PM, uma den\u00fancia an\u00f4nima informava que um cidad\u00e3o de 29 anos estaria portando uma arma de fogo durante a festa junina que era realizada na pra\u00e7a da cidade.<\/p>\n<p>Diante da informa\u00e7\u00e3o, policiais militares localizaram o suspeito e realizaram uma busca pessoal, por\u00e9m nada foi localizado. Em a\u00e7\u00e3o cont\u00ednua, os policiais fizeram uma busca no ve\u00edculo do suspeito, sendo localizado um rev\u00f3lver calibre 32 e 5 muni\u00e7\u00f5es do mesmo calibre. <\/p>\n<p>O suspeito evadiu do local e entrou em um matagal. A arma foi apreendida juntamente com o ve\u00edculo que estava em situa\u00e7\u00e3o irregular.<\/p>\n<p><img decoding=\"async\" src=\"http:\/\/aconteceunovale.com.br\/portal\/wp-content\/uploads\/2014\/06\/arma_apreendida_joaima.jpg\" alt=\"\" \/><em>(Foto: Divulga\u00e7\u00e3o \/ Pol\u00edcia Militar)<\/em><\/p>\n","protected":false},"excerpt":{"rendered":"<p>A Pol\u00edcia Militar apreendeu uma arma de fogo durante uma festa junina no \u00faltimo s\u00e1bado (28), em Joa\u00edma, no Vale do Jequitinhonha. De acordo com o registro da PM, uma den\u00fancia an\u00f4nima informava que um cidad\u00e3o de 29 anos estaria portando uma arma de fogo durante a festa junina que era realizada na pra\u00e7a da [&hellip;]<\/p>\n","protected":false},"author":1,"featured_media":33424,"comment_status":"open","ping_status":"closed","sticky":false,"template":"","format":"standard","meta":{"amp_status":"","footnotes":""},"categories":[120],"tags":[611,9986],"class_list":["post-33423","post","type-post","status-publish","format-standard","has-post-thumbnail","hentry","category-jequi","tag-joaima","tag-policia-militar-apreende-revolver-durante-festa-junina-em-joaima"],"_links":{"self":[{"href":"https:\/\/aconteceunovale.com.br\/portal\/index.php?rest_route=\/wp\/v2\/posts\/33423","targetHints":{"allow":["GET"]}}],"collection":[{"href":"https:\/\/aconteceunovale.com.br\/portal\/index.php?rest_route=\/wp\/v2\/posts"}],"about":[{"href":"https:\/\/aconteceunovale.com.br\/portal\/index.php?rest_route=\/wp\/v2\/types\/post"}],"author":[{"embeddable":true,"href":"https:\/\/aconteceunovale.com.br\/portal\/index.php?rest_route=\/wp\/v2\/users\/1"}],"replies":[{"embeddable":true,"href":"https:\/\/aconteceunovale.com.br\/portal\/index.php?rest_route=%2Fwp%2Fv2%2Fcomments&post=33423"}],"version-history":[{"count":0,"href":"https:\/\/aconteceunovale.com.br\/portal\/index.php?rest_route=\/wp\/v2\/posts\/33423\/revisions"}],"wp:featuredmedia":[{"embeddable":true,"href":"https:\/\/aconteceunovale.com.br\/portal\/index.php?rest_route=\/wp\/v2\/media\/33424"}],"wp:attachment":[{"href":"https:\/\/aconteceunovale.com.br\/portal\/index.php?rest_route=%2Fwp%2Fv2%2Fmedia&parent=33423"}],"wp:term":[{"taxonomy":"category","embeddable":true,"href":"https:\/\/aconteceunovale.com.br\/portal\/index.php?rest_route=%2Fwp%2Fv2%2Fcategories&post=33423"},{"taxonomy":"post_tag","embeddable":true,"href":"https:\/\/aconteceunovale.com.br\/portal\/index.php?rest_route=%2Fwp%2Fv2%2Ftags&post=33423"}],"curies":[{"name":"wp","href":"https:\/\/api.w.org\/{rel}","templated":true}]}}