{"id":33420,"date":"2014-06-30T21:36:00","date_gmt":"2014-07-01T00:36:00","guid":{"rendered":"http:\/\/aconteceunovale.com.br\/portal\/?p=33420"},"modified":"2014-06-30T21:36:00","modified_gmt":"2014-07-01T00:36:00","slug":"bruno-gusmao-diz-que-nao-conseguiu-sair-da-mata-apos-sofrer-acidente","status":"publish","type":"post","link":"https:\/\/aconteceunovale.com.br\/portal\/?p=33420","title":{"rendered":"Bruno Gusm\u00e3o diz que n\u00e3o conseguiu sair da mata ap\u00f3s sofrer acidente"},"content":{"rendered":"<p>O engenheiro Bruno Souza Gusm\u00e3o, de 26 anos, que ficou sete dias desaparecido ap\u00f3s sofrer um acidente de carro e ficar perdido em uma mata em Diamantina, no Vale do Jequitinhonha, recebeu alta do hospital onde passou por exames na madrugada desta segunda-feira (30). Ele contou aos familiares que ap\u00f3s o acidente entrou na mata e ficou perdido sem conseguir voltar para a estrada.<\/p>\n<p><img decoding=\"async\" src=\"http:\/\/aconteceunovale.com.br\/portal\/wp-content\/uploads\/2014\/06\/engenheiro_desaparecido_encontrado.jpg\" alt=\"\" \/><em>(Engenheiro recebeu atendimento em um hospital de Diamantina \u2013 Foto: Reprodu\u00e7\u00e3o Facebook)<\/em><br \/>\n<\/br><\/p>\n<p>&#8220;A gente imagina que com o impacto ele tenha ficado meio desnorteado e por isso tenha se perdido dessa maneira. Ele est\u00e1 se recuperando bem, mas ainda est\u00e1 muito assustado com tudo o que ocorreu e com dificuldades de nos contar exatamente o que ocorreu. O corpo dele est\u00e1 bastante picado de insetos\u201d, contou a empres\u00e1ria Cleide M\u00e1rcia Cardoso de Souza, 42, tia do jovem.<\/p>\n<p>A fam\u00edlia n\u00e3o tinha not\u00edcias do rapaz desde o dia 22 de junho, quando ele saiu de Montes Claros, no Norte de Minas, para participar de uma reuni\u00e3o de trabalho em Diamantina. O jovem s\u00f3 foi encontrado no \u00faltimo domingo (29), quando conseguiu ligar de um bar para o pai. Ele estava desidratado e precisou ser hospitalizado.<\/p>\n<p>Ele ir\u00e1 prestar depoimento a Pol\u00edcia Civil de Diamantina ao longo dessa semana. Segundo a pol\u00edcia, o engenheiro prestaria depoimento nesta segunda-feira, mas a fam\u00edlia pediu que fosse adiado, j\u00e1 que o jovem estava muito abalado e o pedido foi aceito. <\/p>\n<p><strong>Relembre o caso<\/strong><\/p>\n<p>Ap\u00f3s sair de Montes Claros em dire\u00e7\u00e3o \u00e0 Diamantina para uma reuni\u00e3o de trabalho, o engenheiro Bruno Souza Gusm\u00e3o, de 26 anos, acabou desaparecendo misteriosamente. No \u00faltimo domingo (22), o carro dele, um Volkswagen Gol, foi encontrado batido na Serra de Diamantina, pr\u00f3ximo ao Campus da Universidade Federal dos Vales do Jequitinhonha e Mucuri (UFVJM), sem nenhum de seus pertences.<\/p>\n<p><img decoding=\"async\" src=\"http:\/\/aconteceunovale.com.br\/portal\/wp-content\/uploads\/2014\/06\/desaparecido_dtna_2.jpg\" alt=\"\" \/><em>(Ve\u00edculo foi encontrado na Serra Diamantina \u2013 Foto: Pol\u00edcia Militar)<\/em><br \/>\n<\/br><\/p>\n<p><img decoding=\"async\" src=\"http:\/\/aconteceunovale.com.br\/portal\/wp-content\/uploads\/2014\/06\/desaparecido_dtna_3.jpg\" alt=\"\" \/><em>(Ve\u00edculo foi encontrado na Serra Diamantina \u2013 Foto: Pol\u00edcia Militar)<\/em><br \/>\n<\/br><\/p>\n<p><strong><em>(O Tempo)<\/em><\/strong><\/p>\n","protected":false},"excerpt":{"rendered":"<p>O engenheiro Bruno Souza Gusm\u00e3o, de 26 anos, que ficou sete dias desaparecido ap\u00f3s sofrer um acidente de carro e ficar perdido em uma mata em Diamantina, no Vale do Jequitinhonha, recebeu alta do hospital onde passou por exames na madrugada desta segunda-feira (30). Ele contou aos familiares que ap\u00f3s o acidente entrou na mata [&hellip;]<\/p>\n","protected":false},"author":1,"featured_media":33421,"comment_status":"open","ping_status":"closed","sticky":false,"template":"","format":"standard","meta":{"amp_status":"","footnotes":""},"categories":[123],"tags":[9981,9565,9985,9984,198,9980,9982,9983,210],"class_list":["post-33420","post","type-post","status-publish","format-standard","has-post-thumbnail","hentry","category-gerais","tag-bruno-gusmao-diz-que-nao-conseguiu-sair-da-mata-apos-sofrer-acidente","tag-bruno-souza-gusmao","tag-caso-bruno-gusmao","tag-caso-do-engenheiro-em-diamantina","tag-diamantina","tag-engenheiro-bruno-souza-gusmao","tag-explicacoes-sobre-o-caso-do-engenheiro-bruno-souza-gusmao","tag-explicacoes-sobre-o-desaparecimento-do-engenheiro-em-diamantina","tag-montes-claros"],"_links":{"self":[{"href":"https:\/\/aconteceunovale.com.br\/portal\/index.php?rest_route=\/wp\/v2\/posts\/33420","targetHints":{"allow":["GET"]}}],"collection":[{"href":"https:\/\/aconteceunovale.com.br\/portal\/index.php?rest_route=\/wp\/v2\/posts"}],"about":[{"href":"https:\/\/aconteceunovale.com.br\/portal\/index.php?rest_route=\/wp\/v2\/types\/post"}],"author":[{"embeddable":true,"href":"https:\/\/aconteceunovale.com.br\/portal\/index.php?rest_route=\/wp\/v2\/users\/1"}],"replies":[{"embeddable":true,"href":"https:\/\/aconteceunovale.com.br\/portal\/index.php?rest_route=%2Fwp%2Fv2%2Fcomments&post=33420"}],"version-history":[{"count":0,"href":"https:\/\/aconteceunovale.com.br\/portal\/index.php?rest_route=\/wp\/v2\/posts\/33420\/revisions"}],"wp:featuredmedia":[{"embeddable":true,"href":"https:\/\/aconteceunovale.com.br\/portal\/index.php?rest_route=\/wp\/v2\/media\/33421"}],"wp:attachment":[{"href":"https:\/\/aconteceunovale.com.br\/portal\/index.php?rest_route=%2Fwp%2Fv2%2Fmedia&parent=33420"}],"wp:term":[{"taxonomy":"category","embeddable":true,"href":"https:\/\/aconteceunovale.com.br\/portal\/index.php?rest_route=%2Fwp%2Fv2%2Fcategories&post=33420"},{"taxonomy":"post_tag","embeddable":true,"href":"https:\/\/aconteceunovale.com.br\/portal\/index.php?rest_route=%2Fwp%2Fv2%2Ftags&post=33420"}],"curies":[{"name":"wp","href":"https:\/\/api.w.org\/{rel}","templated":true}]}}