{"id":33418,"date":"2014-06-30T21:11:22","date_gmt":"2014-07-01T00:11:22","guid":{"rendered":"http:\/\/aconteceunovale.com.br\/portal\/?p=33418"},"modified":"2014-06-30T21:11:22","modified_gmt":"2014-07-01T00:11:22","slug":"bispo-da-diocese-de-governador-valadares-divulga-nota-sobre-seu-estado-de-saude","status":"publish","type":"post","link":"https:\/\/aconteceunovale.com.br\/portal\/?p=33418","title":{"rendered":"Bispo da Diocese de Governador Valadares divulga nota sobre seu estado de sa\u00fade"},"content":{"rendered":"<p>\u201cAgora estou bem, gra\u00e7as a Deus, recuperando-me na casa de meu pai, em Po\u00e7os de Caldas. Minha press\u00e3o arterial continua muito alta, apesar dos medicamentos, mas j\u00e1 est\u00e1 melhorando.\u201d O trecho \u00e9 da mensagem publicada nesta segunda-feira, 30, pelo bispo de Governador Valadares, Dom Ant\u00f4nio Carlos F\u00e9lix, no site da Diocese.  Ele se refere ao seu estado de sa\u00fade ap\u00f3s ter sofrido um acidente de carro em Campestre\/MG.<\/p>\n<p>O bispo, que iniciou seu trabalho na Diocese h\u00e1 cerca de um m\u00eas, sofreu um acidente com o carro que dirigia na BR-267, quando voltava de uma visita \u00e0 cidade de seu pai. Este, com idade avan\u00e7ada, encontra-se enfermo. \u201cN\u00e3o me lembro de nada do que aconteceu. Perdi a consci\u00eancia e s\u00f3 a recuperei no pronto-socorro de Campestre, onde recebi os primeiros socorros. Sofri v\u00e1rios cortes e escoria\u00e7\u00f5es na cabe\u00e7a, na orelha, no ombro e bra\u00e7o esquerdos\u201d, relata.<\/p>\n<p>\u201cEstou acompanhando, de longe, a caminhada da Diocese de Valadares e rezando por todos voc\u00eas. Rezem por mim, pela recupera\u00e7\u00e3o da minha sa\u00fade e pela minha adapta\u00e7\u00e3o \u00e0 nova Diocese\u201d, conclui o bispo.<\/p>\n<p><img decoding=\"async\" src=\"http:\/\/aconteceunovale.com.br\/portal\/wp-content\/uploads\/2014\/03\/novo_bispo_gov_valadares_2014.jpg\" alt=\"\" \/><\/p>\n<p><em>(Fonte: Di\u00e1rio do Rio Doce)<\/em><\/p>\n","protected":false},"excerpt":{"rendered":"<p>\u201cAgora estou bem, gra\u00e7as a Deus, recuperando-me na casa de meu pai, em Po\u00e7os de Caldas. Minha press\u00e3o arterial continua muito alta, apesar dos medicamentos, mas j\u00e1 est\u00e1 melhorando.\u201d O trecho \u00e9 da mensagem publicada nesta segunda-feira, 30, pelo bispo de Governador Valadares, Dom Ant\u00f4nio Carlos F\u00e9lix, no site da Diocese. Ele se refere ao [&hellip;]<\/p>\n","protected":false},"author":1,"featured_media":22963,"comment_status":"open","ping_status":"closed","sticky":false,"template":"","format":"standard","meta":{"amp_status":"","footnotes":""},"categories":[121],"tags":[9978,1018,7676,9979,247],"class_list":["post-33418","post","type-post","status-publish","format-standard","has-post-thumbnail","hentry","category-leste","tag-bispo-da-diocese-de-governador-valadares-divulga-nota-sobre-seu-estado-de-saude","tag-destaque","tag-dom-antonio-carlos-felix","tag-estado-de-saude-de-dom-antonio-carlos-felix","tag-governador-valadares"],"_links":{"self":[{"href":"https:\/\/aconteceunovale.com.br\/portal\/index.php?rest_route=\/wp\/v2\/posts\/33418","targetHints":{"allow":["GET"]}}],"collection":[{"href":"https:\/\/aconteceunovale.com.br\/portal\/index.php?rest_route=\/wp\/v2\/posts"}],"about":[{"href":"https:\/\/aconteceunovale.com.br\/portal\/index.php?rest_route=\/wp\/v2\/types\/post"}],"author":[{"embeddable":true,"href":"https:\/\/aconteceunovale.com.br\/portal\/index.php?rest_route=\/wp\/v2\/users\/1"}],"replies":[{"embeddable":true,"href":"https:\/\/aconteceunovale.com.br\/portal\/index.php?rest_route=%2Fwp%2Fv2%2Fcomments&post=33418"}],"version-history":[{"count":0,"href":"https:\/\/aconteceunovale.com.br\/portal\/index.php?rest_route=\/wp\/v2\/posts\/33418\/revisions"}],"wp:featuredmedia":[{"embeddable":true,"href":"https:\/\/aconteceunovale.com.br\/portal\/index.php?rest_route=\/wp\/v2\/media\/22963"}],"wp:attachment":[{"href":"https:\/\/aconteceunovale.com.br\/portal\/index.php?rest_route=%2Fwp%2Fv2%2Fmedia&parent=33418"}],"wp:term":[{"taxonomy":"category","embeddable":true,"href":"https:\/\/aconteceunovale.com.br\/portal\/index.php?rest_route=%2Fwp%2Fv2%2Fcategories&post=33418"},{"taxonomy":"post_tag","embeddable":true,"href":"https:\/\/aconteceunovale.com.br\/portal\/index.php?rest_route=%2Fwp%2Fv2%2Ftags&post=33418"}],"curies":[{"name":"wp","href":"https:\/\/api.w.org\/{rel}","templated":true}]}}