{"id":33410,"date":"2014-06-30T19:46:25","date_gmt":"2014-06-30T22:46:25","guid":{"rendered":"http:\/\/aconteceunovale.com.br\/portal\/?p=33410"},"modified":"2014-07-01T11:42:04","modified_gmt":"2014-07-01T14:42:04","slug":"monstros-mae-e-padrasto-contam-detalhes-sobre-a-morte-de-uma-crianca-no-leste-de-minas","status":"publish","type":"post","link":"https:\/\/aconteceunovale.com.br\/portal\/?p=33410","title":{"rendered":"M\u00e3e agride filho at\u00e9 a morte por ele fazer xixi e coc\u00f4 na cama"},"content":{"rendered":"<p>Um crime macabro chocou os moradores de Santa B\u00e1rbara do Leste, no Vale do Rio Doce, ap\u00f3s eles descobrirem que uma mulher de 36 anos foi capaz de chicotear o filho de 7 anos, com chicote usado para cavalos, at\u00e9 a morte. Um dos principais motivos para as agress\u00f5es, que contou com a ajuda do padrasto do garoto, foi o menino ter urinado na cama. O corpo dele foi encontrado nessa segunda-feira (30). Os irm\u00e3os da v\u00edtima, que tamb\u00e9m foram v\u00edtimas de espancamento, est\u00e3o internados em estado grave.<\/p>\n<p><img decoding=\"async\" src=\"http:\/\/aconteceunovale.com.br\/portal\/wp-content\/uploads\/2014\/06\/monstros_santa_barbara_leste.jpg\" alt=\"\" \/><em>(M\u00e3e e padastro contaram detalhes do crime &#8211; Foto: Super Canal)<\/em><br \/>\n<\/br><\/p>\n<p>De acordo com o delegado respons\u00e1vel pelo caso, Luiz Eduardo Moura Gomes, Josina Concebida Moys\u00e9s e Jos\u00e9 Mateus da Silva, de 35,  contaram que o menino Jo\u00e3o Paulo Camilo teria desaparecido de casa, no C\u00f3rrego Barra Alegre, na zona rural do munic\u00edpio, no \u00faltimo domingo (29).<\/p>\n<p>\u201cA suspeita entrou em contato com a fam\u00edlia do pai da crian\u00e7a, que j\u00e1 \u00e9 falecido, e disse que o menino havia fugido de casa por volta de 5h de domingo. Quando os tios chegaram ao im\u00f3vel perguntaram pelos outros sobrinhos, mas a mulher disse que eles n\u00e3o poderiam sair de casa\u201d, contou o delegado.<\/p>\n<p>Aproveitando um momento de distra\u00e7\u00e3o do casal, um dos tios entrou na casa e encontrou as crian\u00e7as de 3 e 4 anos machucadas. Josina e Silva foram levados para a delegacia de Caratinga.<\/p>\n<p>\u201cA princ\u00edpio, eles confirmaram que o garoto tinha fugido, mas, ap\u00f3s algumas horas de depoimento, come\u00e7aram a confessar o crime. Na vers\u00e3o deles, as agress\u00f5es come\u00e7aram na noite de s\u00e1bado. A m\u00e3e disse que o padrasto que come\u00e7ou as agress\u00f5es. Ele confessou, mas disse que bateu pouco, e a mulher tinha agredido os meninos mais\u201d, contou Gomes.<\/p>\n<p>Depois do espancamento, os suspeitos perceberam que Jo\u00e3o Paulo s\u00f3 gemia e n\u00e3o respondia a nenhum est\u00edmulo. Na manh\u00e3 de domingo, o homem viu que o corpo estava gelado e, com a ajuda da companheira, enrolou o menino no cobertor e colocou dentro do carro. Posteriormente, ele seguiu para a BR-116.<\/p>\n<p>\u00c0s margens da rodovia, Silva abandonou a crian\u00e7a e ainda colocou uma mochila com as roupas dela perto do corpo. A inten\u00e7\u00e3o, segundo o delegado, era que as pessoas acreditassem que o menino realmente fugiu e morreu na estrada.<\/p>\n<p>\u201cDurante o depoimento, os suspeitos disseram que agrediam as crian\u00e7as porque eles faziam as necessidades fisiol\u00f3gicas na cama e abriam a geladeira sem a permiss\u00e3o dos adultos. Para intimidar as crian\u00e7as, o chicote, conhecido na regi\u00e3o tamb\u00e9m como arreio, ficava pendurado pr\u00f3ximo ao eletrodom\u00e9stico. Al\u00e9m disso, eles afirmavam que os meninos deveriam aprender a respeitar os pais\u201d, explicou o delegado.<\/p>\n<p>O casal foi encaminhado \u00e0 Cadeia de Caratinga e segue \u00e0 disposi\u00e7\u00e3o da Justi\u00e7a. A princ\u00edpio, eles responder\u00e3o por tortura das duas crian\u00e7as vivas e tortura qualificadora por morte pelo Jo\u00e3o Paulo. A pena para os crimes pode chegar at\u00e9 40 anos de reclus\u00e3o.<\/p>\n<p>\u201cFicamos surpresos com a frieza dos dois. A inten\u00e7\u00e3o n\u00e3o era matar e, sim, torturar os meninos. Em entrevista para uma emissora de TV, Josina chegou a dizer que ainda queria cuidar dos outros dois filhos. \u00c9 dif\u00edcil acreditar que os pais, que deveriam cuidar das crian\u00e7as, podem chegar a esse ponto\u201d, lamentou Gomes.<\/p>\n<p>Segundo a conselheira tutelar da cidade, Eliana Teixeira Gon\u00e7alves, a fam\u00edlia morava no munic\u00edpio h\u00e1 tr\u00eas meses e, at\u00e9 ent\u00e3o, n\u00e3o havia den\u00fancia de maus-tratos.<\/p>\n<p>\u201cFicamos sabendo que eles vieram de Santa Rita de Minas e l\u00e1 o conselho j\u00e1 havia apurado uma den\u00fancia contra a m\u00e3e dos garotos\u201d, explicou a conselheira.<\/p>\n<p>O vel\u00f3rio de Jo\u00e3o Paulo acontece na casa da av\u00f3 materna, em Vila Nova, distrito de Manhua\u00e7u, na manh\u00e3 desta ter\u00e7a-feira (1\u00ba). O sepultamento da crian\u00e7a est\u00e1 previsto para as 11h. Nenhum familiar do menino foi localizado pela reportagem para comentar o caso.<\/p>\n<h4><strong>Filhos de 3 e 4 anos espancados<\/strong><\/h4>\n<p>Quando a Pol\u00edcia Militar chegou no im\u00f3vel da fam\u00edlia encontrou os dois meninos deitados em uma cama e cobertos. Eles estavam com febre e com infec\u00e7\u00f5es pelos corpos.<\/p>\n<p>A crian\u00e7a de 3 anos apresentava v\u00e1rios ferimentos e tinha, inclusive, marcos de chicote nas n\u00e1degas e test\u00edculos. J\u00e1 o garoto de 4 anos, al\u00e9m das marcas de agress\u00f5es, estava com o rosto queimado. As v\u00edtimas foram socorridas e encaminhadas para um hospital de Caratinga, onde seguem em estado grave e sem previs\u00e3o de alta. A fam\u00edlia paterna dos meninos j\u00e1 demonstrou interesse em ficar com eles.<\/p>\n<p>\u201cA m\u00e3e disse para os policiais que o filho queimou o rosto com \u00f3leo por acidente. Os crimes chocaram os moradores de Santa B\u00e1rbara do Leste. Agress\u00e3o s\u00f3 gera viol\u00eancia. \u00c9 inadmiss\u00edvel casos como assim\u201d, finalizou a conselheira tutelar.<\/p>\n<p><em>LEIA MAIS [+]:<\/em><\/p>\n<p><a href=\"http:\/\/aconteceunovale.com.br\/portal\/?p=33365\" target=\"_blank\">&#8211; Corpo de crian\u00e7a que estava desaparecido em Santa B\u00e1rbara do Leste \u00e9 encontrado \u00e0s margens da BR-116<\/a><\/p>\n<p><a href=\"http:\/\/aconteceunovale.com.br\/portal\/?p=33360\" target=\"_blank\">&#8211; M\u00e3e e padrasto s\u00e3o presos por tortura contra duas crian\u00e7as no Leste de Minas Gerais<\/a><\/p>\n<p><strong><em>Saiba mais no v\u00eddeo abaixo:<\/em><\/strong><\/p>\n<p><iframe loading=\"lazy\" width=\"640\" height=\"480\" src=\"\/\/www.youtube.com\/embed\/dfAiNdriymM\" frameborder=\"0\" allowfullscreen><\/iframe><\/p>\n<p><strong><em>(Fonte: O Tempo \/ TV Super Canal)<\/em><\/strong><\/p>\n","protected":false},"excerpt":{"rendered":"<p>Um crime macabro chocou os moradores de Santa B\u00e1rbara do Leste, no Vale do Rio Doce, ap\u00f3s eles descobrirem que uma mulher de 36 anos foi capaz de chicotear o filho de 7 anos, com chicote usado para cavalos, at\u00e9 a morte. Um dos principais motivos para as agress\u00f5es, que contou com a ajuda do [&hellip;]<\/p>\n","protected":false},"author":1,"featured_media":33366,"comment_status":"open","ping_status":"closed","sticky":false,"template":"","format":"standard","meta":{"amp_status":"","footnotes":""},"categories":[121],"tags":[9941,9940,9939,10007,9971,9970,9972,209,311],"class_list":["post-33410","post","type-post","status-publish","format-standard","has-post-thumbnail","hentry","category-leste","tag-joao-paulo-camilo","tag-jose-mateus-da-silva","tag-josina-concebida-moyses","tag-mae-agride-filho-ate-a-morte-por-ele-fazer-xixi-e-coco-na-cama","tag-mae-e-padrasto-contam-detalhes-da-morte-de-uma-crianca-de-6-anos-em-santa-barbara-do-leste","tag-mae-e-padrasto-contam-detalhes-da-morte-de-uma-crianca-de-6-anos-no-leste-de-minas","tag-mae-e-padrasto-contam-detalhes-sobre-a-morte-de-uma-crianca-no-leste-de-minas","tag-manhuacu","tag-santa-barbara-do-leste"],"_links":{"self":[{"href":"https:\/\/aconteceunovale.com.br\/portal\/index.php?rest_route=\/wp\/v2\/posts\/33410","targetHints":{"allow":["GET"]}}],"collection":[{"href":"https:\/\/aconteceunovale.com.br\/portal\/index.php?rest_route=\/wp\/v2\/posts"}],"about":[{"href":"https:\/\/aconteceunovale.com.br\/portal\/index.php?rest_route=\/wp\/v2\/types\/post"}],"author":[{"embeddable":true,"href":"https:\/\/aconteceunovale.com.br\/portal\/index.php?rest_route=\/wp\/v2\/users\/1"}],"replies":[{"embeddable":true,"href":"https:\/\/aconteceunovale.com.br\/portal\/index.php?rest_route=%2Fwp%2Fv2%2Fcomments&post=33410"}],"version-history":[{"count":0,"href":"https:\/\/aconteceunovale.com.br\/portal\/index.php?rest_route=\/wp\/v2\/posts\/33410\/revisions"}],"wp:featuredmedia":[{"embeddable":true,"href":"https:\/\/aconteceunovale.com.br\/portal\/index.php?rest_route=\/wp\/v2\/media\/33366"}],"wp:attachment":[{"href":"https:\/\/aconteceunovale.com.br\/portal\/index.php?rest_route=%2Fwp%2Fv2%2Fmedia&parent=33410"}],"wp:term":[{"taxonomy":"category","embeddable":true,"href":"https:\/\/aconteceunovale.com.br\/portal\/index.php?rest_route=%2Fwp%2Fv2%2Fcategories&post=33410"},{"taxonomy":"post_tag","embeddable":true,"href":"https:\/\/aconteceunovale.com.br\/portal\/index.php?rest_route=%2Fwp%2Fv2%2Ftags&post=33410"}],"curies":[{"name":"wp","href":"https:\/\/api.w.org\/{rel}","templated":true}]}}