{"id":33382,"date":"2014-06-30T16:52:51","date_gmt":"2014-06-30T19:52:51","guid":{"rendered":"http:\/\/aconteceunovale.com.br\/portal\/?p=33382"},"modified":"2014-06-30T16:53:10","modified_gmt":"2014-06-30T19:53:10","slug":"atingidos-por-barragem-debatem-direitos-humanos-em-salto-da-divisa","status":"publish","type":"post","link":"https:\/\/aconteceunovale.com.br\/portal\/?p=33382","title":{"rendered":"Atingidos por barragem debatem direitos humanos em Salto da Divisa"},"content":{"rendered":"<p>A Comiss\u00e3o de Direitos Humanos da Assembleia Legislativa de Minas Gerais (ALMG) vai a Salto da Divisa (Vale do Jequitinhonha) debater poss\u00edveis viola\u00e7\u00f5es de direitos humanos decorrentes da constru\u00e7\u00e3o da Hidrel\u00e9trica de Itapebi, atualmente TermoPernambuco S.A. A reuni\u00e3o vai ocorrer na quarta-feira (2\/7\/14), \u00e0s 9h30, na C\u00e2mara Municipal de Salto da Divisa (Rua da Bahia, 369, Morro da Gra\u00e7a). O autor do requerimento \u00e9 o deputado Durval \u00c2ngelo (PT).<\/p>\n<p><img decoding=\"async\" src=\"http:\/\/aconteceunovale.com.br\/portal\/wp-content\/uploads\/2014\/06\/hde_itapebi.jpg\" alt=\"\" \/><em>(Com a constru\u00e7\u00e3o da barragem, cerca de 35 fam\u00edlias foram desalojadas &#8211; Foto: Neo Energia)<\/em><br \/>\n<\/br><\/p>\n<p>O deputado Rog\u00e9rio Correia (PT) tamb\u00e9m deve participar do encontro. A assessoria do parlamentar informou que a hidrel\u00e9trica, com um reservat\u00f3rio de 62 km\u00b2 no Rio Jequitinhonha, atingiu diretamente cerca de 35 fam\u00edlias de Salto da Divisa, entre pescadores (42 pessoas), extratores de pedra, lavadeiras (87 pessoas) e garimpeiros (de top\u00e1zio e diamante), al\u00e9m de outras comunidades nos munic\u00edpios baianos de Itapebi, Itagimirim e Itarantim. Moradores atingidos pela barragem constru\u00edda reivindicam a garantia de seus direitos e a repara\u00e7\u00e3o dos impactos sociais.<\/p>\n<p>Segundo informa\u00e7\u00f5es do site da empresa respons\u00e1vel pela obra, al\u00e9m da implementa\u00e7\u00e3o de 16 programas ambientais, foi constru\u00eddo, no munic\u00edpio mineiro, um bairro para reassentar as fam\u00edlias atingidas, com diversas edifica\u00e7\u00f5es p\u00fablicas (central de pescadores, lavanderia, centro cultural, entre outros), como medida mitigadora, compensat\u00f3ria e de car\u00e1ter ambiental.<\/p>\n<p>No entanto, segundo a assessoria do deputado Rog\u00e9rio Correia, o reassentamento bairro Vila Uni\u00e3o, constru\u00eddo como medida compensat\u00f3ria, segue um padr\u00e3o urbano e os quintais das casas apresentam-se impr\u00f3prios para o plantio, em decorr\u00eancia de sua pequena extens\u00e3o, alta declividade e pedregosidade do solo, conforme observado durante pesquisa de campo no local. As casas constru\u00eddas estariam apresentando, ainda, problemas de infraestrutura, como goteiras, janelas podres e canos arrebentados. Outra den\u00fancia seria a exist\u00eancia de mais de 150 casas danificadas no local, ap\u00f3s a constru\u00e7\u00e3o do empreendimento.<\/p>\n<h4><strong>Indeniza\u00e7\u00f5es<\/strong><\/h4>\n<p>De acordo com a assessoria do deputado Rog\u00e9rio Correia, h\u00e1, ainda, a exist\u00eancia de conflitos no processo de indeniza\u00e7\u00e3o dos atingidos. A luta por reabrir as negocia\u00e7\u00f5es e garantir as indeniza\u00e7\u00f5es j\u00e1 estabelecidas fez emergir diversas associa\u00e7\u00f5es de moradores e trabalhadores em Salto da Divisa. Outros problemas dizem respeito aos preju\u00edzos das atividades e das formas de trabalho tradicionais na regi\u00e3o, como a exercida pelas lavadeiras, pelos pescadores, garimpeiros e extratores de pedra; cen\u00e1rio que gerou diversas reivindica\u00e7\u00f5es.<\/p>\n<p>Representantes de pescadores e de lavadeiras de Salto da Divisa tamb\u00e9m relatam o aumento do n\u00edvel de coliformes fecais na \u00e1gua local, pois a comunidade que est\u00e1 \u00e0 montante estaria jogando o seu esgoto no rio. A Copasa n\u00e3o estaria garantindo 100% do tratamento da \u00e1gua. Devido \u00e0 contamina\u00e7\u00e3o, a popula\u00e7\u00e3o estaria contraindo doen\u00e7as de pele e verminoses. Al\u00e9m disso, estaria ocorrendo prolifera\u00e7\u00e3o intensa de mosquitos e pernilongos, nas proximidades da \u00e1rea alagada. (ALMG)<\/p>\n","protected":false},"excerpt":{"rendered":"<p>A Comiss\u00e3o de Direitos Humanos da Assembleia Legislativa de Minas Gerais (ALMG) vai a Salto da Divisa (Vale do Jequitinhonha) debater poss\u00edveis viola\u00e7\u00f5es de direitos humanos decorrentes da constru\u00e7\u00e3o da Hidrel\u00e9trica de Itapebi, atualmente TermoPernambuco S.A. A reuni\u00e3o vai ocorrer na quarta-feira (2\/7\/14), \u00e0s 9h30, na C\u00e2mara Municipal de Salto da Divisa (Rua da Bahia, [&hellip;]<\/p>\n","protected":false},"author":1,"featured_media":33383,"comment_status":"open","ping_status":"closed","sticky":false,"template":"","format":"standard","meta":{"amp_status":"","footnotes":""},"categories":[120],"tags":[9952,9953,409],"class_list":["post-33382","post","type-post","status-publish","format-standard","has-post-thumbnail","hentry","category-jequi","tag-almg-vai-a-salto-da-divisa-debater-direitos-humanos","tag-atingidos-por-barragem-debatem-direitos-humanos-em-salto-da-divisa","tag-salto-da-divisa"],"_links":{"self":[{"href":"https:\/\/aconteceunovale.com.br\/portal\/index.php?rest_route=\/wp\/v2\/posts\/33382","targetHints":{"allow":["GET"]}}],"collection":[{"href":"https:\/\/aconteceunovale.com.br\/portal\/index.php?rest_route=\/wp\/v2\/posts"}],"about":[{"href":"https:\/\/aconteceunovale.com.br\/portal\/index.php?rest_route=\/wp\/v2\/types\/post"}],"author":[{"embeddable":true,"href":"https:\/\/aconteceunovale.com.br\/portal\/index.php?rest_route=\/wp\/v2\/users\/1"}],"replies":[{"embeddable":true,"href":"https:\/\/aconteceunovale.com.br\/portal\/index.php?rest_route=%2Fwp%2Fv2%2Fcomments&post=33382"}],"version-history":[{"count":0,"href":"https:\/\/aconteceunovale.com.br\/portal\/index.php?rest_route=\/wp\/v2\/posts\/33382\/revisions"}],"wp:featuredmedia":[{"embeddable":true,"href":"https:\/\/aconteceunovale.com.br\/portal\/index.php?rest_route=\/wp\/v2\/media\/33383"}],"wp:attachment":[{"href":"https:\/\/aconteceunovale.com.br\/portal\/index.php?rest_route=%2Fwp%2Fv2%2Fmedia&parent=33382"}],"wp:term":[{"taxonomy":"category","embeddable":true,"href":"https:\/\/aconteceunovale.com.br\/portal\/index.php?rest_route=%2Fwp%2Fv2%2Fcategories&post=33382"},{"taxonomy":"post_tag","embeddable":true,"href":"https:\/\/aconteceunovale.com.br\/portal\/index.php?rest_route=%2Fwp%2Fv2%2Ftags&post=33382"}],"curies":[{"name":"wp","href":"https:\/\/api.w.org\/{rel}","templated":true}]}}