{"id":33370,"date":"2014-06-30T16:11:52","date_gmt":"2014-06-30T19:11:52","guid":{"rendered":"http:\/\/aconteceunovale.com.br\/portal\/?p=33370"},"modified":"2014-06-30T16:12:34","modified_gmt":"2014-06-30T19:12:34","slug":"unidades-da-universidade-aberta-e-integrada-de-minas-gerais-sao-inauguradas-em-carangola-e-manhumirim","status":"publish","type":"post","link":"https:\/\/aconteceunovale.com.br\/portal\/?p=33370","title":{"rendered":"Unidades da Universidade Aberta e Integrada de Minas Gerais s\u00e3o inauguradas em Carangola e Manhumirim"},"content":{"rendered":"<p>O Governo de Minas, por meio da Secretaria de Estado de Ci\u00eancia, Tecnologia e Ensino Superior (Sectes), inaugurou, na \u00faltima sexta-feira (27\/06), mais duas unidades da Universidade Aberta e Integrada de Minas Gerais (Uaitec) no estado. Desta vez, as cidades de Manhumirim e Carangola foram beneficiadas com a Uaitec, que oferecer\u00e1 ensino superior gratuito e de qualidade aos moradores da regi\u00e3o da Zona da Mata.<\/p>\n<p>A partir de agora, os munic\u00edpios ingressam \u00e0 Rede Uaitec, que oferece ambientes equipados com infraestrutura e ferramentas inovadoras, como lousa interativa digital, sistema de proje\u00e7\u00e3o e multim\u00eddia, capazes de produzir conte\u00fados diversos na internet e em modo local. Todo equipamento tecnol\u00f3gico da Rede Uaitec, aparelhada com os mais modernos instrumentos que permitem ao aluno desfrutar, com comodidade, todas as possibilidades de aprendizagem. Isto garantir\u00e1 com que as universidades estaduais e federais mineiras ofere\u00e7am cursos de educa\u00e7\u00e3o a dist\u00e2ncia.<\/p>\n<p><img decoding=\"async\" src=\"http:\/\/aconteceunovale.com.br\/portal\/wp-content\/uploads\/2014\/06\/governo-de-minas-leva-ensino-superior-gratuito-a-carangola-e-manhumirim.jpg\" alt=\"\" \/><em>O secret\u00e1rio de Estado de Ci\u00eancia, Tecnologia e Ensino Superior, Narcio Rodrigues, esteve presente na inaugura\u00e7\u00e3o dos novos espa\u00e7os &#8211; Foto: Divulga\u00e7\u00e3o<\/em><br \/>\n<\/br><\/p>\n<p>Recebido pelas autoridades e moradores das cidades de Carangola e Manhumirim, o secret\u00e1rio de Estado Narcio Rodrigues, garantiu, durante as solenidades, que n\u00e3o se constr\u00f3i uma revolu\u00e7\u00e3o no Ensino a Dist\u00e2ncia sem aparato de ferramentas com acentuada sofistica\u00e7\u00e3o tecnol\u00f3gico. \u201cTemos que tornar as salas de aulas mais atrativas para os alunos, para que eles possam ter o acesso ao ensino de qualidade, podendo usufruir de todos esses benef\u00edcios, gratuitamente\u201d, afirmou o secret\u00e1rio.<\/p>\n<p>Com as inaugura\u00e7\u00f5es das duas unidades, a regi\u00e3o da Zona da Mata passa a contar com mais op\u00e7\u00f5es de ensino superior e cursos diversos oferecidos a dist\u00e2ncia. Atualmente o programa oferece gratuitamente cursos de capacita\u00e7\u00e3o profissional, extens\u00e3o universit\u00e1ria, idiomas, al\u00e9m dos cursos livres e abertos (MOOC) e o pioneiro MBA em Engenharia e Inova\u00e7\u00e3o.<\/p>\n<p>Em fase de elabora\u00e7\u00e3o, os cursos de gradua\u00e7\u00e3o tecnol\u00f3gica est\u00e3o sendo constru\u00eddos em parceria com a Universidade Estadual de Montes Claros (Unimontes). Os cursos atender\u00e3o a tr\u00eas eixos tem\u00e1ticos: Sustentabilidade (Superior de Tecnologia em Agroecologia e Tecnologia em Gest\u00e3o Ambiental); Gest\u00e3o (Gest\u00e3o P\u00fablica e Gest\u00e3o de Sa\u00fade P\u00fablica) e Tecnologia de Informa\u00e7\u00e3o (Tecnologia em Sistema para Internet e Tecnologia em An\u00e1lise e Desenvolvimento de sistemas), com dura\u00e7\u00e3o de tr\u00eas anos.<\/p>\n<p>Em Carangola, a Uaitec foi implantada na unidade da Universidade do Estado de Minas Gerais. Presente na solenidade, a subsecret\u00e1ria de Ensino Superior, Liana Portilho, ressaltou o empenho do Governo de Minas para a amplia\u00e7\u00e3o da Rede Uaitec em todo o estado e garantiu que a Sectes n\u00e3o est\u00e1 medindo esfor\u00e7os para cumprir a meta estabelecida pelo governo estadual de implantar at\u00e9 o fim deste ano 100 unidades em todas as regi\u00f5es de Minas Gerais. De acordo com o diretor da Uemg\/Carangola, Braz Consenza, al\u00e9m dos alunos da universidade, toda a popula\u00e7\u00e3o poder\u00e1 se beneficiar das ofertas de cursos. \u201cCarangola nunca mais ser\u00e1 a mesma\u201d, afirmou.<\/p>\n<h4><strong>Homenageados<\/strong><\/h4>\n<p>Em cada uma das suas unidades, a rede Uaitec possui um Espa\u00e7o Mem\u00f3ria. O local tem o objetivo de homenagear uma personalidade do munic\u00edpio ligada \u00e0 educa\u00e7\u00e3o, \u00e0 cultura, ao esporte ou \u00e0 produ\u00e7\u00e3o de conhecimento. O homenageado de Manhumirim \u00e9 o Padre Demerval Alves Botelho e em Carangola a homenagem ser\u00e1 feita ao Ministro Victor Nunes Leal. <em>(Ag\u00eancia Minas)<\/em><\/p>\n","protected":false},"excerpt":{"rendered":"<p>O Governo de Minas, por meio da Secretaria de Estado de Ci\u00eancia, Tecnologia e Ensino Superior (Sectes), inaugurou, na \u00faltima sexta-feira (27\/06), mais duas unidades da Universidade Aberta e Integrada de Minas Gerais (Uaitec) no estado. Desta vez, as cidades de Manhumirim e Carangola foram beneficiadas com a Uaitec, que oferecer\u00e1 ensino superior gratuito e [&hellip;]<\/p>\n","protected":false},"author":1,"featured_media":33371,"comment_status":"open","ping_status":"closed","sticky":false,"template":"","format":"standard","meta":{"amp_status":"","footnotes":""},"categories":[123],"tags":[1501,1523,9945],"class_list":["post-33370","post","type-post","status-publish","format-standard","has-post-thumbnail","hentry","category-gerais","tag-carangola","tag-manhumirim","tag-unidades-da-universidade-aberta-e-integrada-de-minas-gerais-sao-inauguradas-em-carangola-e-manhumirim"],"_links":{"self":[{"href":"https:\/\/aconteceunovale.com.br\/portal\/index.php?rest_route=\/wp\/v2\/posts\/33370","targetHints":{"allow":["GET"]}}],"collection":[{"href":"https:\/\/aconteceunovale.com.br\/portal\/index.php?rest_route=\/wp\/v2\/posts"}],"about":[{"href":"https:\/\/aconteceunovale.com.br\/portal\/index.php?rest_route=\/wp\/v2\/types\/post"}],"author":[{"embeddable":true,"href":"https:\/\/aconteceunovale.com.br\/portal\/index.php?rest_route=\/wp\/v2\/users\/1"}],"replies":[{"embeddable":true,"href":"https:\/\/aconteceunovale.com.br\/portal\/index.php?rest_route=%2Fwp%2Fv2%2Fcomments&post=33370"}],"version-history":[{"count":0,"href":"https:\/\/aconteceunovale.com.br\/portal\/index.php?rest_route=\/wp\/v2\/posts\/33370\/revisions"}],"wp:featuredmedia":[{"embeddable":true,"href":"https:\/\/aconteceunovale.com.br\/portal\/index.php?rest_route=\/wp\/v2\/media\/33371"}],"wp:attachment":[{"href":"https:\/\/aconteceunovale.com.br\/portal\/index.php?rest_route=%2Fwp%2Fv2%2Fmedia&parent=33370"}],"wp:term":[{"taxonomy":"category","embeddable":true,"href":"https:\/\/aconteceunovale.com.br\/portal\/index.php?rest_route=%2Fwp%2Fv2%2Fcategories&post=33370"},{"taxonomy":"post_tag","embeddable":true,"href":"https:\/\/aconteceunovale.com.br\/portal\/index.php?rest_route=%2Fwp%2Fv2%2Ftags&post=33370"}],"curies":[{"name":"wp","href":"https:\/\/api.w.org\/{rel}","templated":true}]}}