{"id":33365,"date":"2014-06-30T16:00:37","date_gmt":"2014-06-30T19:00:37","guid":{"rendered":"http:\/\/aconteceunovale.com.br\/portal\/?p=33365"},"modified":"2014-06-30T16:01:42","modified_gmt":"2014-06-30T19:01:42","slug":"corpo-de-menino-de-7-anos-que-estava-desaparecido-e-encontrado-as-margens-da-br-116","status":"publish","type":"post","link":"https:\/\/aconteceunovale.com.br\/portal\/?p=33365","title":{"rendered":"Corpo de crian\u00e7a que estava desaparecido em Santa B\u00e1rbara do Leste \u00e9 encontrado \u00e0s margens da BR-116"},"content":{"rendered":"<p>No final da manh\u00e3 desta segunda-feira (30\/06), o corpo de Jo\u00e3o Paulo Camilo, de 7 anos, foi encontrado \u00e0s margens da BR 116, em Dom Corr\u00eaa, pr\u00f3ximo ao restaurante \u201cCoisas de Minas\u201d. O corpo da crian\u00e7a estava enrolado em um cobertor e com diversos ferimentos, sendo constatadas queimaduras provocadas por cigarro nas m\u00e3os, barriga e em diversas outras partes.<\/p>\n<p><img decoding=\"async\" src=\"http:\/\/aconteceunovale.com.br\/portal\/wp-content\/uploads\/2014\/06\/crianca_foi_encontrada_santa_barbara_mg.jpg\" alt=\"\" \/><em>(M\u00e3e e padrasto s\u00e3o os principais suspeitos de matar a crian\u00e7a de 7 anos &#8211; Foto: Super Canal)<\/em><br \/>\n<\/br><\/p>\n<p>As costas e gl\u00fateos muito machucados, ferimentos possivelmente provocados por chicotadas. A viol\u00eancia foi tamanha que um dos test\u00edculos apresentava ferimento de corte. A per\u00edcia t\u00e9cnica da Pol\u00edcia Civil esteve no local e realizou o trabalho de praxe. O corpo da crian\u00e7a foi encaminhado ao IML de Caratinga para a realiza\u00e7\u00e3o da per\u00edcia.<\/p>\n<p>Segundo o delegado respons\u00e1vel pelo caso, a suspeita \u00e9 de que o padrasto, Jos\u00e9 Mateus da Silva, de 35, e m\u00e3e, Josina Concebida Moys\u00e9s, de 36, estejam envolvidos no crime. Conforme ainda est\u00e1 sendo apurado, a linha de investiga\u00e7\u00e3o da Pol\u00edcia \u00e9 de que o padrasto tenha matado a crian\u00e7a na quinta-feira (26\/06) e na sexta pela manh\u00e3 tenha desovado o corpo \u00e0s margens da rodovia. A tese ainda segue em apura\u00e7\u00e3o.<\/p>\n<p>O delegado respons\u00e1vel pelo caso, Luiz Eduardo Moura Gomes, ir\u00e1 conceder uma entrevista \u00e0s 16 para dar mais detalhes deste trabalho investigativo.<\/p>\n<p><a href=\"http:\/\/aconteceunovale.com.br\/portal\/?p=33360\" target=\"_blank\"><strong>M\u00e3e e padastro s\u00e3o acusados de tortura (Leia mais aqui)<\/strong><\/a><\/p>\n<p><img decoding=\"async\" src=\"http:\/\/aconteceunovale.com.br\/portal\/wp-content\/uploads\/2014\/06\/tortura_santa_barbara_do_leste_presos.jpg\" alt=\"\" \/><em>(Padastro e m\u00e3e das crian\u00e7as foram presos e autuados por tortura &#8211; Foto: Super Canal)<\/em><br \/>\n<\/br><\/p>\n<p><strong><em>(Fonte: TV Super Canal)<\/em><\/strong><\/p>\n","protected":false},"excerpt":{"rendered":"<p>No final da manh\u00e3 desta segunda-feira (30\/06), o corpo de Jo\u00e3o Paulo Camilo, de 7 anos, foi encontrado \u00e0s margens da BR 116, em Dom Corr\u00eaa, pr\u00f3ximo ao restaurante \u201cCoisas de Minas\u201d. O corpo da crian\u00e7a estava enrolado em um cobertor e com diversos ferimentos, sendo constatadas queimaduras provocadas por cigarro nas m\u00e3os, barriga e [&hellip;]<\/p>\n","protected":false},"author":1,"featured_media":33366,"comment_status":"open","ping_status":"closed","sticky":false,"template":"","format":"standard","meta":{"amp_status":"","footnotes":""},"categories":[121],"tags":[237,9944,9942,1018,9943,9941,9940,9939,9937,9938,311],"class_list":["post-33365","post","type-post","status-publish","format-standard","has-post-thumbnail","hentry","category-leste","tag-caratinga","tag-corpo-de-crianca-que-estava-desaparecido-em-santa-barbara-do-leste-e-encontrado-as-margens-da-br-116","tag-corpo-de-menino-de-7-anos-que-estava-desaparecido-e-encontrado-as-margens-da-br-116","tag-destaque","tag-dom-correa","tag-joao-paulo-camilo","tag-jose-mateus-da-silva","tag-josina-concebida-moyses","tag-mae-e-padrasto-sao-presos-por-tortura-contra-duas-criancas-em-santa-barbara-do-leste","tag-mae-e-padrasto-sao-presos-por-tortura-contra-duas-criancas-no-leste-de-minas-gerais","tag-santa-barbara-do-leste"],"_links":{"self":[{"href":"https:\/\/aconteceunovale.com.br\/portal\/index.php?rest_route=\/wp\/v2\/posts\/33365","targetHints":{"allow":["GET"]}}],"collection":[{"href":"https:\/\/aconteceunovale.com.br\/portal\/index.php?rest_route=\/wp\/v2\/posts"}],"about":[{"href":"https:\/\/aconteceunovale.com.br\/portal\/index.php?rest_route=\/wp\/v2\/types\/post"}],"author":[{"embeddable":true,"href":"https:\/\/aconteceunovale.com.br\/portal\/index.php?rest_route=\/wp\/v2\/users\/1"}],"replies":[{"embeddable":true,"href":"https:\/\/aconteceunovale.com.br\/portal\/index.php?rest_route=%2Fwp%2Fv2%2Fcomments&post=33365"}],"version-history":[{"count":0,"href":"https:\/\/aconteceunovale.com.br\/portal\/index.php?rest_route=\/wp\/v2\/posts\/33365\/revisions"}],"wp:featuredmedia":[{"embeddable":true,"href":"https:\/\/aconteceunovale.com.br\/portal\/index.php?rest_route=\/wp\/v2\/media\/33366"}],"wp:attachment":[{"href":"https:\/\/aconteceunovale.com.br\/portal\/index.php?rest_route=%2Fwp%2Fv2%2Fmedia&parent=33365"}],"wp:term":[{"taxonomy":"category","embeddable":true,"href":"https:\/\/aconteceunovale.com.br\/portal\/index.php?rest_route=%2Fwp%2Fv2%2Fcategories&post=33365"},{"taxonomy":"post_tag","embeddable":true,"href":"https:\/\/aconteceunovale.com.br\/portal\/index.php?rest_route=%2Fwp%2Fv2%2Ftags&post=33365"}],"curies":[{"name":"wp","href":"https:\/\/api.w.org\/{rel}","templated":true}]}}