{"id":33360,"date":"2014-06-30T15:42:11","date_gmt":"2014-06-30T18:42:11","guid":{"rendered":"http:\/\/aconteceunovale.com.br\/portal\/?p=33360"},"modified":"2014-06-30T16:07:21","modified_gmt":"2014-06-30T19:07:21","slug":"mae-e-padrasto-sao-presos-por-tortura-contra-duas-criancas-no-leste-de-minas-gerais","status":"publish","type":"post","link":"https:\/\/aconteceunovale.com.br\/portal\/?p=33360","title":{"rendered":"M\u00e3e e padrasto s\u00e3o presos por tortura contra duas crian\u00e7as no Leste de Minas Gerais"},"content":{"rendered":"<p>M\u00e3e e padrasto foram presos e autuados por tortura a duas crian\u00e7as de 3 e 4, neste domingo, 29 de junho, em Santa B\u00e1rbara do Leste\/MG. Josina Concebida Moys\u00e9s, de 36 anos, foi autuada pelo crime de tortura por omiss\u00e3o, e Jos\u00e9 Mateus da Silva, de 35, por tortura. <\/p>\n<p>Segundo o delegado respons\u00e1vel pela investiga\u00e7\u00e3o do caso, Luiz Eduardo Moura Gomes, as crian\u00e7as foram encaminhadas para o IML de Caratinga, sendo constatado pelo m\u00e9dico legista que as les\u00f5es eram muito graves. \u201cAs crian\u00e7as haviam sofrido agress\u00f5es seguidas com o que o autor alega ser um arreio, aquele chicote usado em cavalos. Uma das crian\u00e7as ainda apresentava queimadura na face. Todas as les\u00f5es sem tratamento. As crian\u00e7as estavam com febre e correndo risco de morte\u201d, destacou, ressaltando que posteriormente as crian\u00e7as foram encaminhadas ao Pronto Atendimento Municipal de Caratinga e seguem internadas.<\/p>\n<p><img decoding=\"async\" src=\"http:\/\/aconteceunovale.com.br\/portal\/wp-content\/uploads\/2014\/06\/tortura_santa_barbara_do_leste_presos.jpg\" alt=\"\" \/><em>(Padastro e m\u00e3e das crian\u00e7as foram presos e autuados por tortura)<\/em><br \/>\n<\/br><\/p>\n<p>O caso de tortura envolvendo m\u00e3e e padrasto aconteceu no C\u00f3rrego Barra Alegre, na zona rural de Santa B\u00e1rbara do Leste. Os meninos foram encontrados com ferimentos graves deitados em cima de uma cama. A tortura contra as crian\u00e7as foi descoberta depois que a Pol\u00edcia Militar foi chamada para registrar o desaparecimento de Jo\u00e3o Paulo Camilo, de 7 anos. O terceiro filho de Josina Concebida. Ao chegar ao local, os militares se depararam com as crian\u00e7as muito machucadas. Conforme relatado por soldado William Toledo, a primeira provid\u00eancia foi acionar o conselho tutelar.<\/p>\n<p>Na delegacia, os respons\u00e1veis pelas crian\u00e7as prestaram depoimentos. Segundo o delegado, a m\u00e3e alega que o padastro em quem provocava as les\u00f5es, batia de forma constante. O padrasto alega que bateu, mas a mando da m\u00e3e. Ao conversar com a reportagem, Jos\u00e9 Mateus e Josina Concebida apresentaram as suas vers\u00f5es. O padastro afirmou \u201cela (m\u00e3e) \u00e9 uma pessoa muito nervosa. No in\u00edcio ela at\u00e9 chegava a agredir os meninos, mas a\u00ed eu fui falando com ela que n\u00e3o pode agredir. Perto de mim ela agrediu uma vez, come\u00e7ou a querer bater no menino com o corri\u00e3o e eu falei que n\u00e3o podia, porque ela poderia at\u00e9 ir presa. Pelo menos perto de mim, nunca mais eu agredi\u201d.<\/p>\n<p>A m\u00e3e informou que nunca bateu e quando indagada sobre os ferimentos e o estado de sa\u00fade dos filhos e a falta de procura por uma assist\u00eancia m\u00e9dica, ela justificou: \u201cele (padrasto) estava trabalhando no carro e eu n\u00e3o tinha n\u00famero de ambul\u00e2ncia, nem telefone para levar eles no m\u00e9dico\u201d.<\/p>\n<p>As crian\u00e7as seguem internadas. Ap\u00f3s receberem alta, ser\u00e3o liberadas a familiares, a tios, irm\u00e3os do pai falecido, que est\u00e3o dispostos a ficar com as crian\u00e7as. As buscas por Jo\u00e3o Paulo continuam.<\/p>\n<h4><strong>LEIA MAIS [+]<\/strong><\/h4>\n<p><a href=\"http:\/\/aconteceunovale.com.br\/portal\/?p=33365\" target=\"_blank\"><strong>&#8211; Corpo de crian\u00e7a que estava desaparecido em Santa B\u00e1rbara do Leste \u00e9 encontrado \u00e0s margens da BR-116<\/strong><\/a><\/p>\n<p><strong><em>Reportagem da TV Super Canal:<\/em><\/strong><\/p>\n<p><iframe loading=\"lazy\" width=\"640\" height=\"480\" src=\"\/\/www.youtube.com\/embed\/lZu4AR1jmfc\" frameborder=\"0\" allowfullscreen><\/iframe><\/p>\n<p><em>(Foto e informa\u00e7\u00f5es da TV Super Canal)<\/em><\/p>\n","protected":false},"excerpt":{"rendered":"<p>M\u00e3e e padrasto foram presos e autuados por tortura a duas crian\u00e7as de 3 e 4, neste domingo, 29 de junho, em Santa B\u00e1rbara do Leste\/MG. Josina Concebida Moys\u00e9s, de 36 anos, foi autuada pelo crime de tortura por omiss\u00e3o, e Jos\u00e9 Mateus da Silva, de 35, por tortura. Segundo o delegado respons\u00e1vel pela investiga\u00e7\u00e3o [&hellip;]<\/p>\n","protected":false},"author":1,"featured_media":33363,"comment_status":"open","ping_status":"closed","sticky":false,"template":"","format":"standard","meta":{"amp_status":"","footnotes":""},"categories":[121],"tags":[237,1018,9940,9939,9937,9938,311],"class_list":["post-33360","post","type-post","status-publish","format-standard","has-post-thumbnail","hentry","category-leste","tag-caratinga","tag-destaque","tag-jose-mateus-da-silva","tag-josina-concebida-moyses","tag-mae-e-padrasto-sao-presos-por-tortura-contra-duas-criancas-em-santa-barbara-do-leste","tag-mae-e-padrasto-sao-presos-por-tortura-contra-duas-criancas-no-leste-de-minas-gerais","tag-santa-barbara-do-leste"],"_links":{"self":[{"href":"https:\/\/aconteceunovale.com.br\/portal\/index.php?rest_route=\/wp\/v2\/posts\/33360","targetHints":{"allow":["GET"]}}],"collection":[{"href":"https:\/\/aconteceunovale.com.br\/portal\/index.php?rest_route=\/wp\/v2\/posts"}],"about":[{"href":"https:\/\/aconteceunovale.com.br\/portal\/index.php?rest_route=\/wp\/v2\/types\/post"}],"author":[{"embeddable":true,"href":"https:\/\/aconteceunovale.com.br\/portal\/index.php?rest_route=\/wp\/v2\/users\/1"}],"replies":[{"embeddable":true,"href":"https:\/\/aconteceunovale.com.br\/portal\/index.php?rest_route=%2Fwp%2Fv2%2Fcomments&post=33360"}],"version-history":[{"count":0,"href":"https:\/\/aconteceunovale.com.br\/portal\/index.php?rest_route=\/wp\/v2\/posts\/33360\/revisions"}],"wp:featuredmedia":[{"embeddable":true,"href":"https:\/\/aconteceunovale.com.br\/portal\/index.php?rest_route=\/wp\/v2\/media\/33363"}],"wp:attachment":[{"href":"https:\/\/aconteceunovale.com.br\/portal\/index.php?rest_route=%2Fwp%2Fv2%2Fmedia&parent=33360"}],"wp:term":[{"taxonomy":"category","embeddable":true,"href":"https:\/\/aconteceunovale.com.br\/portal\/index.php?rest_route=%2Fwp%2Fv2%2Fcategories&post=33360"},{"taxonomy":"post_tag","embeddable":true,"href":"https:\/\/aconteceunovale.com.br\/portal\/index.php?rest_route=%2Fwp%2Fv2%2Ftags&post=33360"}],"curies":[{"name":"wp","href":"https:\/\/api.w.org\/{rel}","templated":true}]}}