{"id":33353,"date":"2014-06-30T15:29:45","date_gmt":"2014-06-30T18:29:45","guid":{"rendered":"http:\/\/aconteceunovale.com.br\/portal\/?p=33353"},"modified":"2014-06-30T15:29:45","modified_gmt":"2014-06-30T18:29:45","slug":"acidente-entre-caminhao-e-ambulancia-deixa-quatro-feridos-na-br-116","status":"publish","type":"post","link":"https:\/\/aconteceunovale.com.br\/portal\/?p=33353","title":{"rendered":"Acidente entre caminh\u00e3o e ambul\u00e2ncia deixa quatro feridos na BR-116"},"content":{"rendered":"<p>Quatro pessoas ficaram feridas em um acidente registrado na manh\u00e3 desta segunda-feira, 30 de junho, na altura do quil\u00f4metro 513, da BR-116, em Ubaporanga. As quatro v\u00edtimas estavam em um Fiat Ducato da Prefeitura de S\u00e3o Jo\u00e3o do Oriente. <\/p>\n<p>O ve\u00edculo bateu contra a traseira de uma carreta, que transportava gesso e era conduzida por Djalma da Rosa, que n\u00e3o se machucou. Ele seguia de Pernambuco para o Rio de Janeiro. \u201cEu parei aqui para socorrer um amigo meu e fui para o acostamento com o sinal de alerta ligado. Quando eu parei, veio \u00e0 ambul\u00e2ncia atr\u00e1s e bateu\u201d, contou.<\/p>\n<p>Com o impacto da colis\u00e3o, a van ficou completamente destru\u00edda. O motorista Cristiano Oliveira Faustino, de 38 anos, e os passageiros Jos\u00e9 Vieira dos Santos, de 61, \u00c1lvaro Abreu da Costa, de 6, e a m\u00e3e da crian\u00e7a, Jucimar Abreu da Costa, de 27, ficaram feridos. Eles foram socorridos e encaminhados para atendimento m\u00e9dico em hospitais da regi\u00e3o.<\/p>\n<p><img decoding=\"async\" src=\"http:\/\/aconteceunovale.com.br\/portal\/wp-content\/uploads\/2014\/06\/acidente_van_sao_joao_do_oriente_30_6_1.jpg\" alt=\"\" \/><\/p>\n<p><img decoding=\"async\" src=\"http:\/\/aconteceunovale.com.br\/portal\/wp-content\/uploads\/2014\/06\/acidente_van_sao_joao_do_oriente_30_6_2.jpg\" alt=\"\" \/><\/p>\n<p><img decoding=\"async\" src=\"http:\/\/aconteceunovale.com.br\/portal\/wp-content\/uploads\/2014\/06\/acidente_van_sao_joao_do_oriente_30_6_3.jpg\" alt=\"\" \/><\/p>\n<p><img decoding=\"async\" src=\"http:\/\/aconteceunovale.com.br\/portal\/wp-content\/uploads\/2014\/06\/acidente_van_sao_joao_do_oriente_30_6_4.jpg\" alt=\"\" \/><\/p>\n<p><img decoding=\"async\" src=\"http:\/\/aconteceunovale.com.br\/portal\/wp-content\/uploads\/2014\/06\/acidente_van_sao_joao_do_oriente_30_6_5.jpg\" alt=\"\" \/><\/p>\n<p><strong><em>(Fotos e informa\u00e7\u00f5es da TV Super Canal)<\/em><\/strong><\/p>\n","protected":false},"excerpt":{"rendered":"<p>Quatro pessoas ficaram feridas em um acidente registrado na manh\u00e3 desta segunda-feira, 30 de junho, na altura do quil\u00f4metro 513, da BR-116, em Ubaporanga. As quatro v\u00edtimas estavam em um Fiat Ducato da Prefeitura de S\u00e3o Jo\u00e3o do Oriente. O ve\u00edculo bateu contra a traseira de uma carreta, que transportava gesso e era conduzida por [&hellip;]<\/p>\n","protected":false},"author":1,"featured_media":33354,"comment_status":"open","ping_status":"closed","sticky":false,"template":"","format":"standard","meta":{"amp_status":"","footnotes":""},"categories":[121],"tags":[9927,9926,9935,9931,9933,1018,9932,9929,9928,9930,9934,9936,1734],"class_list":["post-33353","post","type-post","status-publish","format-standard","has-post-thumbnail","hentry","category-leste","tag-acidente-entre-caminhao-e-ambulancia-deixa-quatro-feridos-na-br-116","tag-acidente-entre-caminhao-e-veiculo-da-prefeitura-de-sao-joao-do-oriente-deixa-quatro-feridos-na-br-116","tag-alvaro-abreu-da-costa","tag-as-quatro-vitimas-estavam-em-um-fiat-ducato-da-prefeitura-de-sao-joao-do-oriente","tag-cristiano-oliveira-faustino","tag-destaque","tag-djalma-da-rosa","tag-fotos-do-acidente-com-ambulancia-da-prefeitura-de-sao-joao-do-oriente","tag-fotos-do-acidente-com-van-da-prefeitura-de-sao-joao-do-oriente","tag-fotos-do-acidente-com-van-de-sao-joao-do-oriente","tag-jose-vieira-dos-santos","tag-jucimar-abreu-da-costa","tag-sao-joao-do-oriente"],"_links":{"self":[{"href":"https:\/\/aconteceunovale.com.br\/portal\/index.php?rest_route=\/wp\/v2\/posts\/33353","targetHints":{"allow":["GET"]}}],"collection":[{"href":"https:\/\/aconteceunovale.com.br\/portal\/index.php?rest_route=\/wp\/v2\/posts"}],"about":[{"href":"https:\/\/aconteceunovale.com.br\/portal\/index.php?rest_route=\/wp\/v2\/types\/post"}],"author":[{"embeddable":true,"href":"https:\/\/aconteceunovale.com.br\/portal\/index.php?rest_route=\/wp\/v2\/users\/1"}],"replies":[{"embeddable":true,"href":"https:\/\/aconteceunovale.com.br\/portal\/index.php?rest_route=%2Fwp%2Fv2%2Fcomments&post=33353"}],"version-history":[{"count":0,"href":"https:\/\/aconteceunovale.com.br\/portal\/index.php?rest_route=\/wp\/v2\/posts\/33353\/revisions"}],"wp:featuredmedia":[{"embeddable":true,"href":"https:\/\/aconteceunovale.com.br\/portal\/index.php?rest_route=\/wp\/v2\/media\/33354"}],"wp:attachment":[{"href":"https:\/\/aconteceunovale.com.br\/portal\/index.php?rest_route=%2Fwp%2Fv2%2Fmedia&parent=33353"}],"wp:term":[{"taxonomy":"category","embeddable":true,"href":"https:\/\/aconteceunovale.com.br\/portal\/index.php?rest_route=%2Fwp%2Fv2%2Fcategories&post=33353"},{"taxonomy":"post_tag","embeddable":true,"href":"https:\/\/aconteceunovale.com.br\/portal\/index.php?rest_route=%2Fwp%2Fv2%2Ftags&post=33353"}],"curies":[{"name":"wp","href":"https:\/\/api.w.org\/{rel}","templated":true}]}}