{"id":33332,"date":"2014-06-30T12:44:32","date_gmt":"2014-06-30T15:44:32","guid":{"rendered":"http:\/\/aconteceunovale.com.br\/portal\/?p=33332"},"modified":"2014-06-30T12:44:32","modified_gmt":"2014-06-30T15:44:32","slug":"criminoso-com-dez-passagens-por-trafico-e-porte-ilegal-de-armas-e-preso-em-montes-claros","status":"publish","type":"post","link":"https:\/\/aconteceunovale.com.br\/portal\/?p=33332","title":{"rendered":"Criminoso com dez passagens por tr\u00e1fico e porte ilegal de armas \u00e9 preso em Montes Claros"},"content":{"rendered":"<p>Um jovem, de 20 anos, que j\u00e1 tem dez passagens pela pol\u00edcia por tr\u00e1fico de drogas e porte ilegal de arma, foi preso, nesse domingo (29), em Montes Claros, no Norte de Minas, com rev\u00f3lver e crack.<\/p>\n<p>De acordo com a Pol\u00edcia Militar (PM), durante patrulhamento na pra\u00e7a Tancredo Neves, no bairro Canelas, abordaram Felipe Augusto Amancio da Cruz. Como, por j\u00e1 ser conhecido pela pr\u00e1tica de crime. <\/p>\n<p>Com ele, foram encontrados um rev\u00f3lver calibre 32 com cinco balas e 54 pedras de crack. Ele foi encaminhado para delegacia.<\/p>\n","protected":false},"excerpt":{"rendered":"<p>Um jovem, de 20 anos, que j\u00e1 tem dez passagens pela pol\u00edcia por tr\u00e1fico de drogas e porte ilegal de arma, foi preso, nesse domingo (29), em Montes Claros, no Norte de Minas, com rev\u00f3lver e crack. De acordo com a Pol\u00edcia Militar (PM), durante patrulhamento na pra\u00e7a Tancredo Neves, no bairro Canelas, abordaram Felipe [&hellip;]<\/p>\n","protected":false},"author":1,"featured_media":25373,"comment_status":"open","ping_status":"closed","sticky":false,"template":"","format":"standard","meta":{"amp_status":"","footnotes":""},"categories":[1236],"tags":[9907,9906,210],"class_list":["post-33332","post","type-post","status-publish","format-standard","has-post-thumbnail","hentry","category-norte_de_minas","tag-criminoso-com-dez-passagens-por-trafico-e-porte-ilegal-de-armas-e-preso-em-montes-claros","tag-felipe-augusto-amancio-da-cruz","tag-montes-claros"],"_links":{"self":[{"href":"https:\/\/aconteceunovale.com.br\/portal\/index.php?rest_route=\/wp\/v2\/posts\/33332","targetHints":{"allow":["GET"]}}],"collection":[{"href":"https:\/\/aconteceunovale.com.br\/portal\/index.php?rest_route=\/wp\/v2\/posts"}],"about":[{"href":"https:\/\/aconteceunovale.com.br\/portal\/index.php?rest_route=\/wp\/v2\/types\/post"}],"author":[{"embeddable":true,"href":"https:\/\/aconteceunovale.com.br\/portal\/index.php?rest_route=\/wp\/v2\/users\/1"}],"replies":[{"embeddable":true,"href":"https:\/\/aconteceunovale.com.br\/portal\/index.php?rest_route=%2Fwp%2Fv2%2Fcomments&post=33332"}],"version-history":[{"count":0,"href":"https:\/\/aconteceunovale.com.br\/portal\/index.php?rest_route=\/wp\/v2\/posts\/33332\/revisions"}],"wp:featuredmedia":[{"embeddable":true,"href":"https:\/\/aconteceunovale.com.br\/portal\/index.php?rest_route=\/wp\/v2\/media\/25373"}],"wp:attachment":[{"href":"https:\/\/aconteceunovale.com.br\/portal\/index.php?rest_route=%2Fwp%2Fv2%2Fmedia&parent=33332"}],"wp:term":[{"taxonomy":"category","embeddable":true,"href":"https:\/\/aconteceunovale.com.br\/portal\/index.php?rest_route=%2Fwp%2Fv2%2Fcategories&post=33332"},{"taxonomy":"post_tag","embeddable":true,"href":"https:\/\/aconteceunovale.com.br\/portal\/index.php?rest_route=%2Fwp%2Fv2%2Ftags&post=33332"}],"curies":[{"name":"wp","href":"https:\/\/api.w.org\/{rel}","templated":true}]}}