{"id":33329,"date":"2014-06-30T12:35:22","date_gmt":"2014-06-30T15:35:22","guid":{"rendered":"http:\/\/aconteceunovale.com.br\/portal\/?p=33329"},"modified":"2014-06-30T12:35:22","modified_gmt":"2014-06-30T15:35:22","slug":"morre-aos-86-anos-haydee-murta-a-poetisa-de-berilo","status":"publish","type":"post","link":"https:\/\/aconteceunovale.com.br\/portal\/?p=33329","title":{"rendered":"Morre aos 86 anos, Hayd\u00e9e Murta, a poetisa de Berilo"},"content":{"rendered":"<p>Hayd\u00e9e Almeida Murta, poeta, educadora e memorialista da cidade de Berilo, no Vale do Jequitinhonha, morreu aos 86 anos na madrugada desta segunda-feira (30), em um hospital da cidade de Sete Lagoas, regi\u00e3o central de Belo Horizonte.<\/p>\n<p>\u201cEla se destacou nos movimentos culturais de Berilo, sua terra natal, onde declamava suas poesias cheias de musicalidade, falando da natureza, do Jequitinhonha, do artesanato. Para n\u00f3s, uma perda irrepar\u00e1vel\u201d, disse Jane Machado, amiga da fam\u00edlia.<\/p>\n<p>De acordo com o advogado M\u00facio Amaral Murta, um dos 10 filhos da poeta, ela j\u00e1 estava com a sa\u00fade  fr\u00e1gil h\u00e1 algum tempo, desde quando foi internada, h\u00e1 3 anos, ap\u00f3s uma viagem de turismo.<\/p>\n<p>O corpo de Hayd\u00e9e Murta ser\u00e1 sepultado em Sete Lagoas, cidade onde ela estava residindo  com  familiares.<\/p>\n<p><img decoding=\"async\" src=\"http:\/\/aconteceunovale.com.br\/portal\/wp-content\/uploads\/2014\/06\/haydee_murta_berilo_dead.jpg\" alt=\"\" \/><em>(Foto e informa\u00e7\u00f5es do Jornal Gazeta de Ara\u00e7ua\u00ed)<\/em><\/p>\n","protected":false},"excerpt":{"rendered":"<p>Hayd\u00e9e Almeida Murta, poeta, educadora e memorialista da cidade de Berilo, no Vale do Jequitinhonha, morreu aos 86 anos na madrugada desta segunda-feira (30), em um hospital da cidade de Sete Lagoas, regi\u00e3o central de Belo Horizonte. \u201cEla se destacou nos movimentos culturais de Berilo, sua terra natal, onde declamava suas poesias cheias de musicalidade, [&hellip;]<\/p>\n","protected":false},"author":1,"featured_media":33330,"comment_status":"open","ping_status":"closed","sticky":false,"template":"","format":"standard","meta":{"amp_status":"","footnotes":""},"categories":[120],"tags":[841,1018,9904,9905,1532],"class_list":["post-33329","post","type-post","status-publish","format-standard","has-post-thumbnail","hentry","category-jequi","tag-berilo","tag-destaque","tag-haydee-almeida-murta","tag-morte-de-haydee-murta","tag-sete-lagoas"],"_links":{"self":[{"href":"https:\/\/aconteceunovale.com.br\/portal\/index.php?rest_route=\/wp\/v2\/posts\/33329","targetHints":{"allow":["GET"]}}],"collection":[{"href":"https:\/\/aconteceunovale.com.br\/portal\/index.php?rest_route=\/wp\/v2\/posts"}],"about":[{"href":"https:\/\/aconteceunovale.com.br\/portal\/index.php?rest_route=\/wp\/v2\/types\/post"}],"author":[{"embeddable":true,"href":"https:\/\/aconteceunovale.com.br\/portal\/index.php?rest_route=\/wp\/v2\/users\/1"}],"replies":[{"embeddable":true,"href":"https:\/\/aconteceunovale.com.br\/portal\/index.php?rest_route=%2Fwp%2Fv2%2Fcomments&post=33329"}],"version-history":[{"count":0,"href":"https:\/\/aconteceunovale.com.br\/portal\/index.php?rest_route=\/wp\/v2\/posts\/33329\/revisions"}],"wp:featuredmedia":[{"embeddable":true,"href":"https:\/\/aconteceunovale.com.br\/portal\/index.php?rest_route=\/wp\/v2\/media\/33330"}],"wp:attachment":[{"href":"https:\/\/aconteceunovale.com.br\/portal\/index.php?rest_route=%2Fwp%2Fv2%2Fmedia&parent=33329"}],"wp:term":[{"taxonomy":"category","embeddable":true,"href":"https:\/\/aconteceunovale.com.br\/portal\/index.php?rest_route=%2Fwp%2Fv2%2Fcategories&post=33329"},{"taxonomy":"post_tag","embeddable":true,"href":"https:\/\/aconteceunovale.com.br\/portal\/index.php?rest_route=%2Fwp%2Fv2%2Ftags&post=33329"}],"curies":[{"name":"wp","href":"https:\/\/api.w.org\/{rel}","templated":true}]}}