{"id":33322,"date":"2014-06-30T12:20:35","date_gmt":"2014-06-30T15:20:35","guid":{"rendered":"http:\/\/aconteceunovale.com.br\/portal\/?p=33322"},"modified":"2014-06-30T16:34:33","modified_gmt":"2014-06-30T19:34:33","slug":"ex-prefeito-de-januaria-maurilio-arruda-e-preso-novamente-pela-policia-federal","status":"publish","type":"post","link":"https:\/\/aconteceunovale.com.br\/portal\/?p=33322","title":{"rendered":"Ex-prefeito de Janu\u00e1ria, Maur\u00edlio Arruda, \u00e9 preso novamente pela Pol\u00edcia Federal"},"content":{"rendered":"<h4><strong>Outras tr\u00eas pessoas tamb\u00e9m s\u00e3o alvos de mandados de pris\u00e3o tempor\u00e1ria. Eles s\u00e3o investigados por fraudes em licita\u00e7\u00f5es e desvio de verbas.<\/strong><\/h4>\n<p><img decoding=\"async\" src=\"http:\/\/aconteceunovale.com.br\/portal\/wp-content\/uploads\/2014\/06\/maurilio_arruda_preso_novamente.jpg\" alt=\"\" \/><em>Maur\u00edlio Arruda chegou algemado na delegacia da PF (Foto: Reprodu\u00e7\u00e3o \/ Inter TV)<\/em><br \/>\n<\/br><\/p>\n<p>O ex-prefeito de Janu\u00e1ria (MG), Maur\u00edlio Arruda, foi preso nesta segunda-feira (30) na opera\u00e7\u00e3o \u201cExterminadores do Futuro\u201d, deflagrada pela Pol\u00edcia Federal e Minist\u00e9rio P\u00fablico Estadual. Foram expedidos outros tr\u00eas mandados de pris\u00e3o tempor\u00e1ria para um ex-secret\u00e1rio de Educa\u00e7\u00e3o Alexandre de S\u00e1 R\u00eago, o empres\u00e1rio Fabiano Dur\u00e3es, s\u00f3cio da empresa AF Construtora, e um engenheiro Pedro Alc\u00e2ntara. Foram cumpridos outros 19 mandados de busca e apreens\u00e3o, sequestro de valores, bens m\u00f3veis e im\u00f3veis.<\/p>\n<p>\u201cEsta opera\u00e7\u00e3o visa coibir o desvio de recursos p\u00fablicos ocorrido em Janu\u00e1ria. Sete processos licitat\u00f3rios foram direcionados para uma empresa, j\u00e1 conhecida do MP e da PF por desviar verbas, e causaram um preju\u00edzo de R$ 579 mil, constatado por meio de laudos\u201d, afirma o delegado Eduardo Maur\u00edcio.<\/p>\n<p>A construtora apontada na opera\u00e7\u00e3o Exterminador do Futuro j\u00e1 foi alvo de investiga\u00e7\u00e3o na opera\u00e7\u00e3o Sert\u00e3o Veredas.<\/p>\n<p>As investiga\u00e7\u00f5es come\u00e7aram depois que a Conselho Municipal de Educa\u00e7\u00e3o fez uma an\u00e1lise da aplica\u00e7\u00e3o de verbas, provenientes do Fundo de Manuten\u00e7\u00e3o e Desenvolvimento da Educa\u00e7\u00e3o B\u00e1sica e de Valoriza\u00e7\u00e3o dos Profissionais da Educa\u00e7\u00e3o (Fundeb), para a reforma e constru\u00e7\u00e3o de 16 escolas na zona rural. Constatadas as irregularidades, um relat\u00f3rio foi apresentado para o Minist\u00e9rio P\u00fablico.<\/p>\n<p>O promotor Franklin Reginato esclarece que, ap\u00f3s o direcionamento das licita\u00e7\u00f5es, \u201ca empresa garantia a execu\u00e7\u00e3o das obras de constru\u00e7\u00e3o e reformas de escolas, com t\u00edtulos da d\u00edvida p\u00fablica, sem qualquer valor jur\u00eddico.\u201d<\/p>\n<p>Posteriormente, de acordo com o promotor, um engenheiro da empresa atestava a execu\u00e7\u00e3o das obras por meio de falsas medi\u00e7\u00f5es, garantindo o repasse de 100% do recurso. Laudos constataram a precariedade das instala\u00e7\u00f5es el\u00e9trica e hidr\u00e1ulicas das escolas, em uma delas, um banheiro havia sido constru\u00eddo, mas os alunos faziam as necessidades no mato. A PF tamb\u00e9m encontrou materiais de constru\u00e7\u00e3o, como telhas, tijolos e latas de tinta, abandonados.<\/p>\n<p>\u201cO preju\u00edzo pode ser ainda maior j\u00e1 que em boa parte das obras foi executada com a qualidade muito inferior, em algumas das escolas o que foi constru\u00eddo chegou a ser demolido\u201d, diz Franklin Reginato.<\/p>\n<p>Para a Pol\u00edcia Federal e o Minist\u00e9rio P\u00fablico, os quatro presos controlavam o esquema criminoso, mas as investiga\u00e7\u00f5es continuam para verificar a participa\u00e7\u00e3o de outras pessoas.  Os envolvidos podem responder por crime contra a administra\u00e7\u00e3o, lavagem de dinheiro e falsidade ideol\u00f3gica. As penas podem chegar a 20 anos de pris\u00e3o.<\/p>\n<p><em><strong>Entrevista com o Promotor Franklin Reginato sobre o caso:<\/strong><\/em><\/p>\n<p><iframe loading=\"lazy\" width=\"640\" height=\"480\" src=\"\/\/www.youtube.com\/embed\/VBmGMeRGi0Y\" frameborder=\"0\" allowfullscreen><\/iframe><\/p>\n<h4><strong>Alunos prejudicados<\/strong><\/h4>\n<p>Na Escola Municipal de Moradeiras, as investiga\u00e7\u00f5es apontaram que as obras est\u00e3o inacabadas e paralisadas. As janelas n\u00e3o t\u00eam vidros, as esquadrias de madeira est\u00e3o inacabadas e espalhadas pelo ch\u00e3o. As telhas ficam empilhadas no telhado antigo, causando infiltra\u00e7\u00e3o no forro. As paredes do banheiro apresentam infiltra\u00e7\u00f5es.<\/p>\n<p>J\u00e1 no distrito de Levin\u00f3polis, na Escola de Arei\u00e3o havia, segundo as investiga\u00e7\u00f5es, risco \u00e0 integridade f\u00edsica de alunos e funcion\u00e1rios. O banheiro e a cozinha tiveram que ser demolidos por causa do perigo de desabamento. As paredes t\u00eam fissuras estruturais graves, o forro est\u00e1 incompleto e a caixa de gordura e a fossa est\u00e3o inacabados. Al\u00e9m disso, as portas dos banheiros e as rampas est\u00e3o em desacordo com \u00e0 proposta de acessibilidade, desconsiderando a presen\u00e7a de um aluno portador de necessidades especiais, que estudava no turno da tarde.<\/p>\n<p>Em outra institui\u00e7\u00e3o, localizada em Tijuco, foi constatado que n\u00e3o h\u00e1 instala\u00e7\u00f5es hidr\u00e1ulicas, nenhuma liga\u00e7\u00e3o foi feita com a caixa de \u00e1gua e a cisterna est\u00e1 sendo utilizada como dep\u00f3sito de materiais. Uma funcion\u00e1ria, que tamb\u00e9m \u00e9 vizinha da escola, doava a \u00e1gua utilizada por alunos e funcion\u00e1rios. A sa\u00edda de esgoto desembocava em sobre um monte de areia, pr\u00f3ximo \u00e0s salas de aula.<\/p>\n<p>No distrito de V\u00e1rzea Bonita, na Escola de Cabeceirinha, a cobertura dos fundos projetada para 36m\u00b2 foi conclu\u00edda com 6m\u00b2. A forma como as instala\u00e7\u00f5es hidr\u00e1ulicas foi feita ocasionou em infiltra\u00e7\u00f5es. Em consequ\u00eancia delas, o forro do banheiro corre riscos de desabar e parte el\u00e9trica da constru\u00e7\u00e3o permanece inacabada.<\/p>\n<p>Ainda em outra institui\u00e7\u00e3o, em V\u00e1rzea Bonita, as obras tamb\u00e9m foram abandonadas. Na \u00e1rea anexa, onde seriam constru\u00edda uma cozinha e um banheiro, h\u00e1 apenas duas perfura\u00e7\u00f5es. As instala\u00e7\u00f5es el\u00e9tricas est\u00e3o prec\u00e1rias e uma porta, rec\u00e9m-instalada, est\u00e1 deteriorada.<\/p>\n<p>Nos Centros Municipais de Educa\u00e7\u00e3o Infantil (Cemeis) Alvorada, Cidade Nova e Novo Mil\u00eanio as obras tamb\u00e9m permanecem inacabadas.<\/p>\n<p><strong><em>(Fonte: Inter TV \/ G1)<\/em><\/strong><\/p>\n","protected":false},"excerpt":{"rendered":"<p>Outras tr\u00eas pessoas tamb\u00e9m s\u00e3o alvos de mandados de pris\u00e3o tempor\u00e1ria. Eles s\u00e3o investigados por fraudes em licita\u00e7\u00f5es e desvio de verbas. Maur\u00edlio Arruda chegou algemado na delegacia da PF (Foto: Reprodu\u00e7\u00e3o \/ Inter TV) O ex-prefeito de Janu\u00e1ria (MG), Maur\u00edlio Arruda, foi preso nesta segunda-feira (30) na opera\u00e7\u00e3o \u201cExterminadores do Futuro\u201d, deflagrada pela Pol\u00edcia [&hellip;]<\/p>\n","protected":false},"author":1,"featured_media":33323,"comment_status":"open","ping_status":"closed","sticky":false,"template":"","format":"standard","meta":{"amp_status":"","footnotes":""},"categories":[1236],"tags":[9903,1018,9900,9898,9902,205,9899,9897,9901],"class_list":["post-33322","post","type-post","status-publish","format-standard","has-post-thumbnail","hentry","category-norte_de_minas","tag-alexandre-de-sa-rego","tag-destaque","tag-ex-prefeito-de-januaria-e-preso-novamente-pela-policia-federal","tag-ex-prefeito-de-januaria-volta-a-ser-preso","tag-fabiano-duraes","tag-januaria","tag-maurilio-arruda-volta-a-ser-preso","tag-operacao-exterminadores-do-futuro","tag-pedro-alcantara"],"_links":{"self":[{"href":"https:\/\/aconteceunovale.com.br\/portal\/index.php?rest_route=\/wp\/v2\/posts\/33322","targetHints":{"allow":["GET"]}}],"collection":[{"href":"https:\/\/aconteceunovale.com.br\/portal\/index.php?rest_route=\/wp\/v2\/posts"}],"about":[{"href":"https:\/\/aconteceunovale.com.br\/portal\/index.php?rest_route=\/wp\/v2\/types\/post"}],"author":[{"embeddable":true,"href":"https:\/\/aconteceunovale.com.br\/portal\/index.php?rest_route=\/wp\/v2\/users\/1"}],"replies":[{"embeddable":true,"href":"https:\/\/aconteceunovale.com.br\/portal\/index.php?rest_route=%2Fwp%2Fv2%2Fcomments&post=33322"}],"version-history":[{"count":0,"href":"https:\/\/aconteceunovale.com.br\/portal\/index.php?rest_route=\/wp\/v2\/posts\/33322\/revisions"}],"wp:featuredmedia":[{"embeddable":true,"href":"https:\/\/aconteceunovale.com.br\/portal\/index.php?rest_route=\/wp\/v2\/media\/33323"}],"wp:attachment":[{"href":"https:\/\/aconteceunovale.com.br\/portal\/index.php?rest_route=%2Fwp%2Fv2%2Fmedia&parent=33322"}],"wp:term":[{"taxonomy":"category","embeddable":true,"href":"https:\/\/aconteceunovale.com.br\/portal\/index.php?rest_route=%2Fwp%2Fv2%2Fcategories&post=33322"},{"taxonomy":"post_tag","embeddable":true,"href":"https:\/\/aconteceunovale.com.br\/portal\/index.php?rest_route=%2Fwp%2Fv2%2Ftags&post=33322"}],"curies":[{"name":"wp","href":"https:\/\/api.w.org\/{rel}","templated":true}]}}