{"id":33320,"date":"2014-06-30T12:03:20","date_gmt":"2014-06-30T15:03:20","guid":{"rendered":"http:\/\/aconteceunovale.com.br\/portal\/?p=33320"},"modified":"2014-06-30T12:03:20","modified_gmt":"2014-06-30T15:03:20","slug":"minas-gerais-supera-meta-estabelecida-para-vacinacao-contra-a-febre-aftosa","status":"publish","type":"post","link":"https:\/\/aconteceunovale.com.br\/portal\/?p=33320","title":{"rendered":"Minas Gerais supera meta estabelecida para vacina\u00e7\u00e3o contra a febre aftosa"},"content":{"rendered":"<p><strong><\/p>\n<h4><em>No total, foram vacinados 22.718.579 bov\u00eddeos de todas as idades, o que representa 96,1% do total, \u00edndice acima do estabelecido pelo Mapa<\/em><\/h4>\n<p><\/strong><\/p>\n<p>Minas Gerais, por meio do Instituto Mineiro de Agropecu\u00e1ria (IMA), superou a meta estabelecida pelo Minist\u00e9rio da Agricultura, Pecu\u00e1ria e Abastecimento (Mapa) de vacinar 95% do rebanho mineiro de bovinos e bubalinos contra a febre aftosa. A etapa envolveu 23.633.117 animais vacin\u00e1veis em 359.661 propriedades. No total, foram vacinados 22.718.579 bov\u00eddeos de todas as idades, o que representa 96,1% do total.<\/p>\n<p><img decoding=\"async\" src=\"http:\/\/aconteceunovale.com.br\/portal\/wp-content\/uploads\/2014\/04\/primeira-etapa-de-vacinacao-contra-a-febre-aftosa-comeca-na-quinta-feira.jpg\" alt=\"\" \/><em>(Mais de 22 milh\u00f5es de animais foram vacinados &#8211; Foto: Divulga\u00e7\u00e3o)<\/em><br \/>\n<\/br><\/p>\n<p>Os produtores rurais tiveram at\u00e9 o dia 10\/06 junho para comprovar, nas unidades do IMA de seus munic\u00edpios, a imuniza\u00e7\u00e3o dos animais. A campanha obteve uma boa ades\u00e3o dos produtores que t\u00eam na pecu\u00e1ria o seu sustento, demonstrando a import\u00e2ncia da participa\u00e7\u00e3o efetiva na vacina\u00e7\u00e3o semestral. No entanto, este \u00edndice ainda deve aumentar, tendo em vista que alguns produtores entregam a declara\u00e7\u00e3o fora do prazo definido pelo Mapa.<\/p>\n<p>Para o diretor-geral do IMA, Altino Rodrigues Neto, \u00e9 necess\u00e1rio que os produtores mineiros e de todo o pa\u00eds continuem aderindo \u00e0s campanhas de imuniza\u00e7\u00e3o, que s\u00e3o fundamentais para erradicar e prevenir doen\u00e7as de grande impacto econ\u00f4mico como a febre aftosa. \u201cA participa\u00e7\u00e3o dos produtores \u00e9 crucial para manter Minas como \u00e1rea livre com vacina\u00e7\u00e3o contra doen\u00e7a, o que valoriza e fortalece ainda mais a nossa pecu\u00e1ria\u201d, comenta.<\/p>\n<h4><strong>A\u00e7\u00e3o preventiva<\/strong><\/h4>\n<p>O Programa Nacional de Erradica\u00e7\u00e3o e Preven\u00e7\u00e3o da Febre Aftosa (PNEFA) tem como estrat\u00e9gia principal a implementa\u00e7\u00e3o progressiva e manuten\u00e7\u00e3o de zonas livres da doen\u00e7a, de acordo com as diretrizes estabelecidas pela Organiza\u00e7\u00e3o Mundial de Sa\u00fade Animal (OIE). O Brasil, sob a coordena\u00e7\u00e3o do Minist\u00e9rio do Mapa e com a participa\u00e7\u00e3o efetiva dos servi\u00e7os veterin\u00e1rios estaduais e do setor produtivo, segue busca de um pa\u00eds livre da doen\u00e7a. <em>(Ag\u00eancia Minas)<\/em><\/p>\n","protected":false},"excerpt":{"rendered":"<p>No total, foram vacinados 22.718.579 bov\u00eddeos de todas as idades, o que representa 96,1% do total, \u00edndice acima do estabelecido pelo Mapa Minas Gerais, por meio do Instituto Mineiro de Agropecu\u00e1ria (IMA), superou a meta estabelecida pelo Minist\u00e9rio da Agricultura, Pecu\u00e1ria e Abastecimento (Mapa) de vacinar 95% do rebanho mineiro de bovinos e bubalinos contra [&hellip;]<\/p>\n","protected":false},"author":1,"featured_media":27459,"comment_status":"open","ping_status":"closed","sticky":false,"template":"","format":"standard","meta":{"amp_status":"","footnotes":""},"categories":[123],"tags":[1018,9896,9894,9895],"class_list":["post-33320","post","type-post","status-publish","format-standard","has-post-thumbnail","hentry","category-gerais","tag-destaque","tag-febre-aftosa-em-minas-gerais","tag-minas-gerais-supera-meta-estabelecida-para-vacinacao-contra-a-febre-aftosa","tag-vacina-contra-febre-aftosa-em-minas-gerais"],"_links":{"self":[{"href":"https:\/\/aconteceunovale.com.br\/portal\/index.php?rest_route=\/wp\/v2\/posts\/33320","targetHints":{"allow":["GET"]}}],"collection":[{"href":"https:\/\/aconteceunovale.com.br\/portal\/index.php?rest_route=\/wp\/v2\/posts"}],"about":[{"href":"https:\/\/aconteceunovale.com.br\/portal\/index.php?rest_route=\/wp\/v2\/types\/post"}],"author":[{"embeddable":true,"href":"https:\/\/aconteceunovale.com.br\/portal\/index.php?rest_route=\/wp\/v2\/users\/1"}],"replies":[{"embeddable":true,"href":"https:\/\/aconteceunovale.com.br\/portal\/index.php?rest_route=%2Fwp%2Fv2%2Fcomments&post=33320"}],"version-history":[{"count":0,"href":"https:\/\/aconteceunovale.com.br\/portal\/index.php?rest_route=\/wp\/v2\/posts\/33320\/revisions"}],"wp:featuredmedia":[{"embeddable":true,"href":"https:\/\/aconteceunovale.com.br\/portal\/index.php?rest_route=\/wp\/v2\/media\/27459"}],"wp:attachment":[{"href":"https:\/\/aconteceunovale.com.br\/portal\/index.php?rest_route=%2Fwp%2Fv2%2Fmedia&parent=33320"}],"wp:term":[{"taxonomy":"category","embeddable":true,"href":"https:\/\/aconteceunovale.com.br\/portal\/index.php?rest_route=%2Fwp%2Fv2%2Fcategories&post=33320"},{"taxonomy":"post_tag","embeddable":true,"href":"https:\/\/aconteceunovale.com.br\/portal\/index.php?rest_route=%2Fwp%2Fv2%2Ftags&post=33320"}],"curies":[{"name":"wp","href":"https:\/\/api.w.org\/{rel}","templated":true}]}}