{"id":33315,"date":"2014-06-30T10:25:46","date_gmt":"2014-06-30T13:25:46","guid":{"rendered":"http:\/\/aconteceunovale.com.br\/portal\/?p=33315"},"modified":"2014-06-30T10:25:46","modified_gmt":"2014-06-30T13:25:46","slug":"montes-claros-completa-157-anos-com-quase-400-mil-habitantes","status":"publish","type":"post","link":"https:\/\/aconteceunovale.com.br\/portal\/?p=33315","title":{"rendered":"Montes Claros completa 157 anos com quase 400 mil habitantes"},"content":{"rendered":"<p>Montes Claros comemora 157 anos na quinta-feira (3). A maior cidade do Norte de Minas Gerais tem popula\u00e7\u00e3o estimada de 400 mil habitantes e ocupa uma \u00e1rea de mais 3,5 mil quil\u00f4metros quadrados, segundo o Instituto Brasileiro de Geografia e estat\u00edstica (IBGE).<\/p>\n<p>Mas nem sempre a &#8220;Princesinha do Norte&#8221;, como \u00e9 carinhosamente chamada, teve dados t\u00e3o grandiosos. Criada a partir de uma fazenda pr\u00f3xima ao Rio Verde Grande, do ent\u00e3o propriet\u00e1rio Ant\u00f4nio Gon\u00e7alves Figueira, foi elevada a condi\u00e7\u00e3o de vila em 1831, e passou a ser chamada de &#8220;Vila de Montes Claros de Formigas&#8221;.<\/p>\n<p>J\u00e1 em 1857, o local possu\u00eda mais de dois mil habitantes e o nome n\u00e3o agradava os formiguenses. De acordo com o IBGE, no dia 03 de julho de 1857, &#8220;a vila passou a ser cidade de Montes Claros&#8221; e a popula\u00e7\u00e3o passou a ser montes-clarense.<\/p>\n<p>Por meio de Decretos e Leis estaduais foram surgindo os distritos. Dados do IBGE mostram que o munic\u00edpio \u00e9 constitu\u00eddo, atualmente, por 10 distritos.<\/p>\n<p>Montes Claros passou a receber investimentos que alavancaram o interesse de novos moradores. Com isso, aumentaram tamb\u00e9m os problemas. Para o professor da Universidade Estadual de Montes Claros, Laurindo M\u00e9kie Pereira, a velocidade de crescimento do munic\u00edpio \u00e9 maior que a reposta do poder p\u00fablico.<\/p>\n<p>&#8220;A cidade parece n\u00e3o ter um plano que oriente este crescimento. Quando voc\u00ea v\u00ea que um problema em um local foi amenizado, j\u00e1 aparece um bairro novo, sem transporte, n\u00e3o pavimentado&#8221;.<\/p>\n<p>Outro fator que impulsiona o interesse da regi\u00e3o, de acordo com o professor, \u00e9 o n\u00famero de servi\u00e7os de sa\u00fade e educa\u00e7\u00e3o que a cidade possui. &#8220;Montes Claros tem determinados servi\u00e7os que as outras cidades n\u00e3o t\u00eam. Ent\u00e3o, aglomera tudo aqui e a cidade n\u00e3o est\u00e1 preparada para isso&#8221;.<\/p>\n<p>Laurindo M\u00e9kie lembra ainda que para a cidade continuar crescendo, mas de forma controlada, \u00e9 necess\u00e1rio o crescimento de toda regi\u00e3o. &#8220;Desde a d\u00e9cada de 70 h\u00e1 uma concentra\u00e7\u00e3o de investimento em Montes Claros. Isso atrai todas as cidades. Para desafogar \u00e9 preciso que invistam tamb\u00e9m em cidades como Pirapora e Bocaiuva&#8221;, completa.<\/p>\n<p><img decoding=\"async\" src=\"http:\/\/aconteceunovale.com.br\/portal\/wp-content\/uploads\/2014\/06\/montes_claros_157_anos.jpg\" alt=\"\" \/><\/p>\n<p><strong><em>(Foto: F\u00e1bio Mar\u00e7al \/ Informa\u00e7\u00f5es: G1)<\/em><\/strong><\/p>\n","protected":false},"excerpt":{"rendered":"<p>Montes Claros comemora 157 anos na quinta-feira (3). A maior cidade do Norte de Minas Gerais tem popula\u00e7\u00e3o estimada de 400 mil habitantes e ocupa uma \u00e1rea de mais 3,5 mil quil\u00f4metros quadrados, segundo o Instituto Brasileiro de Geografia e estat\u00edstica (IBGE). Mas nem sempre a &#8220;Princesinha do Norte&#8221;, como \u00e9 carinhosamente chamada, teve dados [&hellip;]<\/p>\n","protected":false},"author":1,"featured_media":33316,"comment_status":"open","ping_status":"closed","sticky":false,"template":"","format":"standard","meta":{"amp_status":"","footnotes":""},"categories":[1236],"tags":[210,9893],"class_list":["post-33315","post","type-post","status-publish","format-standard","has-post-thumbnail","hentry","category-norte_de_minas","tag-montes-claros","tag-montes-claros-completa-157-anos-com-quase-400-mil-habitantes"],"_links":{"self":[{"href":"https:\/\/aconteceunovale.com.br\/portal\/index.php?rest_route=\/wp\/v2\/posts\/33315","targetHints":{"allow":["GET"]}}],"collection":[{"href":"https:\/\/aconteceunovale.com.br\/portal\/index.php?rest_route=\/wp\/v2\/posts"}],"about":[{"href":"https:\/\/aconteceunovale.com.br\/portal\/index.php?rest_route=\/wp\/v2\/types\/post"}],"author":[{"embeddable":true,"href":"https:\/\/aconteceunovale.com.br\/portal\/index.php?rest_route=\/wp\/v2\/users\/1"}],"replies":[{"embeddable":true,"href":"https:\/\/aconteceunovale.com.br\/portal\/index.php?rest_route=%2Fwp%2Fv2%2Fcomments&post=33315"}],"version-history":[{"count":0,"href":"https:\/\/aconteceunovale.com.br\/portal\/index.php?rest_route=\/wp\/v2\/posts\/33315\/revisions"}],"wp:featuredmedia":[{"embeddable":true,"href":"https:\/\/aconteceunovale.com.br\/portal\/index.php?rest_route=\/wp\/v2\/media\/33316"}],"wp:attachment":[{"href":"https:\/\/aconteceunovale.com.br\/portal\/index.php?rest_route=%2Fwp%2Fv2%2Fmedia&parent=33315"}],"wp:term":[{"taxonomy":"category","embeddable":true,"href":"https:\/\/aconteceunovale.com.br\/portal\/index.php?rest_route=%2Fwp%2Fv2%2Fcategories&post=33315"},{"taxonomy":"post_tag","embeddable":true,"href":"https:\/\/aconteceunovale.com.br\/portal\/index.php?rest_route=%2Fwp%2Fv2%2Ftags&post=33315"}],"curies":[{"name":"wp","href":"https:\/\/api.w.org\/{rel}","templated":true}]}}