{"id":33307,"date":"2014-06-30T09:55:12","date_gmt":"2014-06-30T12:55:12","guid":{"rendered":"http:\/\/aconteceunovale.com.br\/portal\/?p=33307"},"modified":"2014-06-30T09:57:55","modified_gmt":"2014-06-30T12:57:55","slug":"seca-e-calor-reduz-em-30-a-safra-de-cafe-no-sul-de-minas-gerais","status":"publish","type":"post","link":"https:\/\/aconteceunovale.com.br\/portal\/?p=33307","title":{"rendered":"Seca e temperaturas at\u00edpicas reduzem em 30% a safra de caf\u00e9 no Sul de Minas Gerais"},"content":{"rendered":"<p>Estimada inicialmente em 60 milh\u00f5es de sacas, a proje\u00e7\u00e3o da colheita de caf\u00e9 no pa\u00eds, neste ano, j\u00e1 caiu, extraoficialmente, para algo em torno de 45 milh\u00f5es de sacas de 60 quilos. <\/p>\n<p>A seca e as altas temperaturas at\u00edpicas do in\u00edcio do ano geraram uma quebra de safra que se aproxima de 15 milh\u00f5es de sacas, sendo 4 milh\u00f5es no Sul de Minas, o equivalente a 30% da produ\u00e7\u00e3o daquela regi\u00e3o. <\/p>\n<p>O estresse h\u00eddrico gera incertezas tamb\u00e9m sobre a safra de 2014-2015, o que tem potencializado as oscila\u00e7\u00f5es de pre\u00e7os, que est\u00e3o com vi\u00e9s de alta desde dezembro de 2013. Desde o in\u00edcio do ano, a valoriza\u00e7\u00e3o j\u00e1 \u00e9 de 56%, com o caf\u00e9 chegando ao fim de junho cotado perto de US$ 211 a saca de caf\u00e9 ar\u00e1bica.<\/p>\n<p>Na regi\u00e3o Sul do Estado, a principal produtora do pa\u00eds, a estimativa da Cooperativa Regional de Cafeicultores em Guaxup\u00e9 (Cooxup\u00e9) \u00e9 de uma safra de 12 milh\u00f5es de sacas contra uma proje\u00e7\u00e3o inicial de 16 milh\u00f5es de sacas.<\/p>\n<p>\u201cJ\u00e1 colhemos de 30% a 35% da safra e, pelo andamento, teremos uma quebra m\u00e9dia de 30%. As lavouras mais antigas resistiram melhor \u00e0 seca e a perda \u00e9 menor, sendo inclusive compensada pelo pre\u00e7o mais alto. Mas as lavouras novas, de at\u00e9 dois anos, sofreram impacto maior e a situa\u00e7\u00e3o \u00e9 ruim\u201d, diz o presidente da Cooxup\u00e9, Carlos Alberto Paulino da Costa.<\/p>\n<p><img decoding=\"async\" src=\"http:\/\/aconteceunovale.com.br\/portal\/wp-content\/uploads\/2014\/06\/seca_reduz_producao_cafe_sul_de_minas.jpg\" alt=\"\" \/><em>(Armaz\u00e9m da Cooxup\u00e9 em Guaxup\u00e9, no Sul de Minas &#8211; Foto: Luiz Costa\/Hoje em Dia)<\/em><br \/>\n<\/br><\/p>\n<h4><strong>Especula\u00e7\u00e3o<\/strong><\/h4>\n<p>O corretor de caf\u00e9 do escrit\u00f3rio Carvalhaes, Eduardo Carvalhaes, observa que h\u00e1 um movimento de compra forte na bolsa de Nova York, motivado por informa\u00e7\u00f5es do Departamento de Agricultura dos Estados Unidos de que a safra ser\u00e1 menor.<\/p>\n<p>\u201cPor enquanto, o mais prudente \u00e9 desconfiar. N\u00e3o existem ainda dados precisos de safra, e o pre\u00e7o varia conforme o boato do dia. Mas existe muita incerteza, o que gera alta do pre\u00e7o, que deve se manter at\u00e9 o final do ano e confirmar um 2014 bom para o setor\u201d, afirma.<\/p>\n<p>De acordo com Carvalhaes, o pa\u00eds precisa de uma safra de 32 milh\u00f5es de sacas para exporta\u00e7\u00e3o e 20 milh\u00f5es para o consumo interno. Caso a safra fique em torno de 45 milh\u00f5es de sacas, ser\u00e3o utilizados estoques. \u201cN\u00e3o vai faltar caf\u00e9, mas em meados de julho teremos informa\u00e7\u00f5es mais claras da safra e do quanto de estoque teremos. Acredito que, em agosto, entraremos em um ritmo de exporta\u00e7\u00e3o de 3 milh\u00f5es de sacas por m\u00eas. Hoje, s\u00e3o 2 milh\u00f5es mensais\u201d, afirma.<\/p>\n","protected":false},"excerpt":{"rendered":"<p>Estimada inicialmente em 60 milh\u00f5es de sacas, a proje\u00e7\u00e3o da colheita de caf\u00e9 no pa\u00eds, neste ano, j\u00e1 caiu, extraoficialmente, para algo em torno de 45 milh\u00f5es de sacas de 60 quilos. A seca e as altas temperaturas at\u00edpicas do in\u00edcio do ano geraram uma quebra de safra que se aproxima de 15 milh\u00f5es de [&hellip;]<\/p>\n","protected":false},"author":1,"featured_media":33308,"comment_status":"open","ping_status":"closed","sticky":false,"template":"","format":"standard","meta":{"amp_status":"","footnotes":""},"categories":[123],"tags":[1018,959,9890,9891],"class_list":["post-33307","post","type-post","status-publish","format-standard","has-post-thumbnail","hentry","category-gerais","tag-destaque","tag-guaxupe","tag-seca-e-calor-reduz-em-30-a-safra-de-cafe-no-sul-de-minas-gerais","tag-seca-e-temperaturas-atipicas-reduzem-em-30-a-safra-de-cafe-no-sul-de-minas-gerais"],"_links":{"self":[{"href":"https:\/\/aconteceunovale.com.br\/portal\/index.php?rest_route=\/wp\/v2\/posts\/33307","targetHints":{"allow":["GET"]}}],"collection":[{"href":"https:\/\/aconteceunovale.com.br\/portal\/index.php?rest_route=\/wp\/v2\/posts"}],"about":[{"href":"https:\/\/aconteceunovale.com.br\/portal\/index.php?rest_route=\/wp\/v2\/types\/post"}],"author":[{"embeddable":true,"href":"https:\/\/aconteceunovale.com.br\/portal\/index.php?rest_route=\/wp\/v2\/users\/1"}],"replies":[{"embeddable":true,"href":"https:\/\/aconteceunovale.com.br\/portal\/index.php?rest_route=%2Fwp%2Fv2%2Fcomments&post=33307"}],"version-history":[{"count":0,"href":"https:\/\/aconteceunovale.com.br\/portal\/index.php?rest_route=\/wp\/v2\/posts\/33307\/revisions"}],"wp:featuredmedia":[{"embeddable":true,"href":"https:\/\/aconteceunovale.com.br\/portal\/index.php?rest_route=\/wp\/v2\/media\/33308"}],"wp:attachment":[{"href":"https:\/\/aconteceunovale.com.br\/portal\/index.php?rest_route=%2Fwp%2Fv2%2Fmedia&parent=33307"}],"wp:term":[{"taxonomy":"category","embeddable":true,"href":"https:\/\/aconteceunovale.com.br\/portal\/index.php?rest_route=%2Fwp%2Fv2%2Fcategories&post=33307"},{"taxonomy":"post_tag","embeddable":true,"href":"https:\/\/aconteceunovale.com.br\/portal\/index.php?rest_route=%2Fwp%2Fv2%2Ftags&post=33307"}],"curies":[{"name":"wp","href":"https:\/\/api.w.org\/{rel}","templated":true}]}}