{"id":33300,"date":"2014-06-30T09:37:43","date_gmt":"2014-06-30T12:37:43","guid":{"rendered":"http:\/\/aconteceunovale.com.br\/portal\/?p=33300"},"modified":"2014-06-30T09:37:43","modified_gmt":"2014-06-30T12:37:43","slug":"quatro-pessoas-ficam-feridas-em-acidente-proximo-a-almenara-no-vale-do-jequitinhonha","status":"publish","type":"post","link":"https:\/\/aconteceunovale.com.br\/portal\/?p=33300","title":{"rendered":"Quatro pessoas ficam feridas em acidente pr\u00f3ximo a Almenara, no Vale do Jequitinhonha"},"content":{"rendered":"<p>Quatro pessoas ficaram feridas em um acidente de tr\u00e2nsito na noite deste domingo, 29 de junho, na rodovia que liga Almenara e Mata Verde, no Vale do Jequitinhonha. De acordo com informa\u00e7\u00f5es, o motorista de um ve\u00edculo que retornava de uma viagem ao distrito de Timorante, em Bandeira\/MG, quando perdeu o controle direcional e caiu em uma ribanceira de aproximadamente 3 metros de altura a menos de tr\u00eas quil\u00f4metros de Almenara. <\/p>\n<p><img decoding=\"async\" src=\"http:\/\/aconteceunovale.com.br\/portal\/wp-content\/uploads\/2014\/06\/acidente_almenara_30_6_2.jpg\" alt=\"\" \/><em>(Ve\u00edculo caiu em uma ribanceira de tr\u00eas metros &#8211; Foto: Di\u00e1rio do Jequi)<\/em><br \/>\n<\/br><\/p>\n<p>No carro estavam a m\u00e3e, a tia e o filho do condutor, de seis anos de idade. Um m\u00e9dico que passava pela rodovia viu o carro acionou o Servi\u00e7o de Atendimento M\u00f3vel de Urg\u00eancia (SAMU) e prestou os primeiros socorros ao motorista e um dos passageiros. J\u00e1 os outros dois passageiros estavam presos \u00e0s ferragens. Para remover as v\u00edtimas foi necess\u00e1rio arrancar a porta traseira do ve\u00edculo.<\/p>\n<p>A crian\u00e7a apresentava sinais de fratura na m\u00e3o direita, o condutor do ve\u00edculo e sua m\u00e3e tiveram ferimentos leves. O caso mais grave \u00e9 o da tia do motorista, que teve v\u00e1rios traumatismos no rosto, cabe\u00e7a, sinais de fratura do f\u00eamur da perna esquerda, sentia muita dor na coluna e n\u00e3o conseguia movimentar as pernas. Todos os feridos foram socorridos e encaminhados para o Hospital Deraldo Guimar\u00e3es, em Almenara.<\/p>\n<p>Os nomes das v\u00edtimas n\u00e3o foram divulgados. As causas do acidente ser\u00e3o investigadas.<\/p>\n<p><img decoding=\"async\" src=\"http:\/\/aconteceunovale.com.br\/portal\/wp-content\/uploads\/2014\/06\/acidente_almenara_30_6_1.jpg\" alt=\"\" \/><br \/>\n<img decoding=\"async\" src=\"http:\/\/aconteceunovale.com.br\/portal\/wp-content\/uploads\/2014\/06\/acidente_almenara_30_6_3.jpg\" alt=\"\" \/><br \/>\n<img decoding=\"async\" src=\"http:\/\/aconteceunovale.com.br\/portal\/wp-content\/uploads\/2014\/06\/acidente_almenara_30_6_4.jpg\" alt=\"\" \/><\/p>\n<p><strong><em>(Fotos e informa\u00e7\u00f5es do Di\u00e1rio do Jequi)<\/em><\/strong><\/p>\n","protected":false},"excerpt":{"rendered":"<p>Quatro pessoas ficaram feridas em um acidente de tr\u00e2nsito na noite deste domingo, 29 de junho, na rodovia que liga Almenara e Mata Verde, no Vale do Jequitinhonha. De acordo com informa\u00e7\u00f5es, o motorista de um ve\u00edculo que retornava de uma viagem ao distrito de Timorante, em Bandeira\/MG, quando perdeu o controle direcional e caiu [&hellip;]<\/p>\n","protected":false},"author":1,"featured_media":33302,"comment_status":"open","ping_status":"closed","sticky":false,"template":"","format":"standard","meta":{"amp_status":"","footnotes":""},"categories":[120],"tags":[9882,9884,9883,142,353,1018,9885,9886,355,9881],"class_list":["post-33300","post","type-post","status-publish","format-standard","has-post-thumbnail","hentry","category-jequi","tag-acidente-na-rodovia-entre-almenara-e-mata-verde","tag-acidente-perto-de-almenara","tag-acidente-proximo-a-almenara","tag-almenara","tag-bandeira","tag-destaque","tag-fotos-do-acidente-perto-de-almenara","tag-fotos-do-acidente-proximo-a-almenara","tag-mata-verde","tag-quatro-pessoas-ficam-feridas-em-acidente-proximo-a-almenara"],"_links":{"self":[{"href":"https:\/\/aconteceunovale.com.br\/portal\/index.php?rest_route=\/wp\/v2\/posts\/33300","targetHints":{"allow":["GET"]}}],"collection":[{"href":"https:\/\/aconteceunovale.com.br\/portal\/index.php?rest_route=\/wp\/v2\/posts"}],"about":[{"href":"https:\/\/aconteceunovale.com.br\/portal\/index.php?rest_route=\/wp\/v2\/types\/post"}],"author":[{"embeddable":true,"href":"https:\/\/aconteceunovale.com.br\/portal\/index.php?rest_route=\/wp\/v2\/users\/1"}],"replies":[{"embeddable":true,"href":"https:\/\/aconteceunovale.com.br\/portal\/index.php?rest_route=%2Fwp%2Fv2%2Fcomments&post=33300"}],"version-history":[{"count":0,"href":"https:\/\/aconteceunovale.com.br\/portal\/index.php?rest_route=\/wp\/v2\/posts\/33300\/revisions"}],"wp:featuredmedia":[{"embeddable":true,"href":"https:\/\/aconteceunovale.com.br\/portal\/index.php?rest_route=\/wp\/v2\/media\/33302"}],"wp:attachment":[{"href":"https:\/\/aconteceunovale.com.br\/portal\/index.php?rest_route=%2Fwp%2Fv2%2Fmedia&parent=33300"}],"wp:term":[{"taxonomy":"category","embeddable":true,"href":"https:\/\/aconteceunovale.com.br\/portal\/index.php?rest_route=%2Fwp%2Fv2%2Fcategories&post=33300"},{"taxonomy":"post_tag","embeddable":true,"href":"https:\/\/aconteceunovale.com.br\/portal\/index.php?rest_route=%2Fwp%2Fv2%2Ftags&post=33300"}],"curies":[{"name":"wp","href":"https:\/\/api.w.org\/{rel}","templated":true}]}}