{"id":33296,"date":"2014-06-30T09:12:31","date_gmt":"2014-06-30T12:12:31","guid":{"rendered":"http:\/\/aconteceunovale.com.br\/portal\/?p=33296"},"modified":"2014-06-30T10:28:54","modified_gmt":"2014-06-30T13:28:54","slug":"delegacia-virtual-comeca-a-oferecer-o-servico-de-registro-de-perda-e-extravio-de-documentos","status":"publish","type":"post","link":"https:\/\/aconteceunovale.com.br\/portal\/?p=33296","title":{"rendered":"Delegacia Virtual come\u00e7a a oferecer o servi\u00e7o de registro de perda e extravio de documentos"},"content":{"rendered":"<p>A partir desta segunda-feira (30\/06), entra em funcionamento o segundo m\u00f3dulo da Delegacia Virtual da Pol\u00edcia Civil de Minas Gerais. A partir de agora, os cidad\u00e3os podem fazer tamb\u00e9m pela internet o registro de perda e extravio de documentos (CPF, identidade, t\u00edtulo de eleitor, carteira de trabalho etc.) e de objetos pessoais (celular, rel\u00f3gio, equipamento eletr\u00f4nico, animal, equipamento de trabalho, equipamento de comunica\u00e7\u00e3o etc.), sem precisar comparecer \u00e0 delegacia ou aguardar a chegada da Pol\u00edcia Militar para a elabora\u00e7\u00e3o do boletim de ocorr\u00eancia.<\/p>\n<p>O novo servi\u00e7o integra o sistema da Delegacia Virtual, que at\u00e9 o final do ano permitir\u00e1 o registro online de mais outros dois tipos de ocorr\u00eancia. As ocorr\u00eancias poder\u00e3o ser registradas por cidad\u00e3os maiores de 18 anos, que dever\u00e3o informar os documentos pessoais, e tamb\u00e9m por estrangeiros maiores de 18 anos, que dever\u00e3o fornecer o n\u00famero do passaporte ou do Registro Nacional de Estrangeiros (RNE).<\/p>\n<p>A Delegacia Virtual j\u00e1 est\u00e1 em funcionamento desde o dia 30 de abril deste ano para o registro de acidentes de tr\u00e2nsito sem v\u00edtimas. At\u00e9 o dia 18\/06, esse m\u00f3dulo j\u00e1 havia registrado um total de 3.838 ocorr\u00eancias em todo o Estado. Deste total, 1.478 foram registradas em Belo Horizonte. As ocorr\u00eancias nas modalidades j\u00e1 dispon\u00edveis podem ser registradas por meio do endere\u00e7o <a href=\"http:\/\/www.delegaciavirtual.sids.mg.gov.br\" target=\"_blank\">www.delegaciavirtual.sids.mg.gov.br<\/a>.<\/p>\n<h4><strong>Registro de ocorr\u00eancias<\/strong><\/h4>\n<p>O registro de ocorr\u00eancias na Delegacia Virtual \u00e9 feito por meio do preenchimento de formul\u00e1rios que s\u00e3o apresentados gradativamente na tela. Ap\u00f3s o envio dos dados ao sistema, a ocorr\u00eancia passa por uma triagem. Em at\u00e9 15 minutos, \u00e9 emitida uma mensagem, informando o n\u00famero do Registro de Evento de Defesa Social (Reds), bem como a forma de acess\u00e1-lo no site do Sistema Integrado de Defesa Social (Sids) para impress\u00e3o. O documento pode ser usado para o acionamento de seguradoras, no caso dos acidentes sem v\u00edtimas, bem como, a partir de agora, para comprova\u00e7\u00e3o de extravio de documentos, entre outros fins.<\/p>\n<p>Uma equipe de 16 profissionais, entre policiais e analistas, trabalha em esquema de plant\u00e3o, na sede da Superintend\u00eancia de Informa\u00e7\u00f5es e Intelig\u00eancia Policial (SIIP), atuando 24 horas na triagem dos registros recebidos e tamb\u00e9m para tirar d\u00favidas dos cidad\u00e3os pelo telefone, que \u00e9 divulgado na tela.<\/p>\n<h4><strong>Amplia\u00e7\u00e3o dos servi\u00e7os<\/strong><\/h4>\n<p>O cronograma de amplia\u00e7\u00e3o dos servi\u00e7os da Delegacia Virtual prev\u00ea o seguinte:<\/p>\n<p>&#8211; 30\/08 \u2013 Funcionar\u00e1 para registro de desaparecimento de pessoas e para registro de pessoas localizadas.<\/p>\n<p>&#8211; 30\/10 \u2013 Funcionar\u00e1 para registro de danos simples.<\/p>\n<h4><strong>Refor\u00e7o na seguran\u00e7a<\/strong><\/h4>\n<p>Os benef\u00edcios da Delegacia Virtual n\u00e3o se limitam \u00e0 popula\u00e7\u00e3o. O Estado tamb\u00e9m ganha com a iniciativa. Al\u00e9m de combater a subnotifica\u00e7\u00e3o de registros, o servi\u00e7o resulta em economia de insumos, energia e de materiais que s\u00e3o utilizados nas delegacias quando o registro \u00e9 feito pessoalmente.<\/p>\n<p>A superintendente adjunta Yukari Miyata destaca que os procedimentos da Delegacia Virtual v\u00e3o liberar policiais militares para policiamento ostensivo e os civis para produ\u00e7\u00e3o de inqu\u00e9ritos, investiga\u00e7\u00e3o e atendimento de registros de maior urg\u00eancia.<\/p>\n","protected":false},"excerpt":{"rendered":"<p>A partir desta segunda-feira (30\/06), entra em funcionamento o segundo m\u00f3dulo da Delegacia Virtual da Pol\u00edcia Civil de Minas Gerais. A partir de agora, os cidad\u00e3os podem fazer tamb\u00e9m pela internet o registro de perda e extravio de documentos (CPF, identidade, t\u00edtulo de eleitor, carteira de trabalho etc.) e de objetos pessoais (celular, rel\u00f3gio, equipamento [&hellip;]<\/p>\n","protected":false},"author":1,"featured_media":28199,"comment_status":"open","ping_status":"closed","sticky":false,"template":"","format":"standard","meta":{"amp_status":"","footnotes":""},"categories":[123],"tags":[9877,9880,1018,9879,9878],"class_list":["post-33296","post","type-post","status-publish","format-standard","has-post-thumbnail","hentry","category-gerais","tag-delegacia-virtual-comeca-a-oferecer-o-servico-de-registro-de-perda-e-extravio-de-documentos","tag-delegacia-virtual-do-estado-de-minas-gerais","tag-destaque","tag-registro-de-extravio-de-documentos-pela-delegacia-virtual","tag-registro-de-perda-de-documentos-pela-delegacia-virtual"],"_links":{"self":[{"href":"https:\/\/aconteceunovale.com.br\/portal\/index.php?rest_route=\/wp\/v2\/posts\/33296","targetHints":{"allow":["GET"]}}],"collection":[{"href":"https:\/\/aconteceunovale.com.br\/portal\/index.php?rest_route=\/wp\/v2\/posts"}],"about":[{"href":"https:\/\/aconteceunovale.com.br\/portal\/index.php?rest_route=\/wp\/v2\/types\/post"}],"author":[{"embeddable":true,"href":"https:\/\/aconteceunovale.com.br\/portal\/index.php?rest_route=\/wp\/v2\/users\/1"}],"replies":[{"embeddable":true,"href":"https:\/\/aconteceunovale.com.br\/portal\/index.php?rest_route=%2Fwp%2Fv2%2Fcomments&post=33296"}],"version-history":[{"count":0,"href":"https:\/\/aconteceunovale.com.br\/portal\/index.php?rest_route=\/wp\/v2\/posts\/33296\/revisions"}],"wp:featuredmedia":[{"embeddable":true,"href":"https:\/\/aconteceunovale.com.br\/portal\/index.php?rest_route=\/wp\/v2\/media\/28199"}],"wp:attachment":[{"href":"https:\/\/aconteceunovale.com.br\/portal\/index.php?rest_route=%2Fwp%2Fv2%2Fmedia&parent=33296"}],"wp:term":[{"taxonomy":"category","embeddable":true,"href":"https:\/\/aconteceunovale.com.br\/portal\/index.php?rest_route=%2Fwp%2Fv2%2Fcategories&post=33296"},{"taxonomy":"post_tag","embeddable":true,"href":"https:\/\/aconteceunovale.com.br\/portal\/index.php?rest_route=%2Fwp%2Fv2%2Ftags&post=33296"}],"curies":[{"name":"wp","href":"https:\/\/api.w.org\/{rel}","templated":true}]}}