{"id":33267,"date":"2014-06-29T15:23:05","date_gmt":"2014-06-29T18:23:05","guid":{"rendered":"http:\/\/aconteceunovale.com.br\/portal\/?p=33267"},"modified":"2014-06-29T15:23:05","modified_gmt":"2014-06-29T18:23:05","slug":"pecuaristas-do-norte-de-minas-vendem-gado-antes-da-hora-para-evitar-perdas-devido-a-seca","status":"publish","type":"post","link":"https:\/\/aconteceunovale.com.br\/portal\/?p=33267","title":{"rendered":"Pecuaristas do Norte de Minas vendem gado antes da hora para evitar perdas devido \u00e0 seca"},"content":{"rendered":"<p>O Norte de Minas Gerais j\u00e1 est\u00e1 acostumada a conviver com a seca. Mas, h\u00e1 pelo menos tr\u00eas anos sem chuva suficiente at\u00e9 mesmo para crescer a pastagem e engordar o gado, os pecuaristas t\u00eam que antecipar a venda dos bois para evitar perdas. O gerente regional da Empresa de Assist\u00eancia T\u00e9cnica e Extens\u00e3o Rural de Minas (Emater) de Montes Claros, Ricardo de Micheli, calcula que, em um ano, um milh\u00e3o de cabe\u00e7as sa\u00edram da regi\u00e3o. O volume equivale a um ter\u00e7o do rebanho local e \u00e9 uma vez e meia maior do que a m\u00e9dia usual de vendas. \u201cNormalmente, em um ano saem cerca de 400 mil cabe\u00e7as\u201d, estima.<\/p>\n<p>O presidente da Sociedade Rural, Osmani Barbosa Neto, explica que a sa\u00edda \u00e9 para evitar a desvaloriza\u00e7\u00e3o. \u201cVendemos para outras regi\u00f5es de Minas, como o Tri\u00e2ngulo, e tamb\u00e9m para outros Estados como Goi\u00e1s, Mato Grosso e S\u00e3o Paulo.\u201d<\/p>\n<p>O coordenador t\u00e9cnico de bovinos da Emater, Jos\u00e9 Alberto \u00c1vila, explica que essa \u00e9 a alternativa. \u201cSem chuva, a dimens\u00e3o do estrago \u00e9 enorme, pois o capim n\u00e3o resiste e \u00e9 preciso retirar o gado antes que ele morra tamb\u00e9m. \u00c9 uma venda preventiva. Mesmo com um pre\u00e7o menor, \u00e9 melhor do que perder 100%\u201d, justifica \u00c1vila.<\/p>\n<p>Segundo o pecuarista Jo\u00e3o Gustavo de Paula, de Montes Claros, os pre\u00e7os s\u00f3 n\u00e3o desvalorizaram tanto porque uma isen\u00e7\u00e3o de ICMS concedida pelo governo mineiro garantiu a competitividade. Em mar\u00e7o deste ano, o ICMS foi reduzido de 18% para 4% para venda de gado para outros Estados. \u201cO problema \u00e9 quando, pela falta constante de chuva, todo mundo resolve vender de uma \u00fanica vez. A oferta aumenta e o pre\u00e7o cai. Com essa medida, o Estado conseguiu aumentar a concorr\u00eancia, pois abriu o leque de compradores de fora de Minas, ao retirar o imposto e deixar o pre\u00e7o mais baixo\u201d, explica Jo\u00e3o.<\/p>\n<p>Ele afirma que a situa\u00e7\u00e3o \u00e9 ainda pior para quem n\u00e3o tem condi\u00e7\u00f5es de fazer uma reserva de alimento para o gado. \u201cQuando o produtor consegue se preparar, tudo bem. Mas, quando n\u00e3o consegue, o gado chega a morrer\u201d, afirma o pecuarista.<\/p>\n<h4><strong>Agricultura<\/strong><\/h4>\n<p>A agricultura tamb\u00e9m n\u00e3o escapou dos efeitos da seca. \u201cEm cidades como Jana\u00faba, as perdas chegaram a 100%, mas podemos dizer a m\u00e9dia foi de 80%\u201d, afirma de Micheli. \u201cA agricultura do Norte \u00e9 praticamente toda irrigada, mas ainda assim foi afetada porque, com a falta de chuva, o n\u00edvel dos rios como o S\u00e3o Francisco baixou e comprometeu a irriga\u00e7\u00e3o\u201d, destaca Jo\u00e3o.<\/p>\n<h4><strong>N\u00fameros<\/strong><\/h4>\n<p>&#8211; Quantidade de gado que saiu do Norte de Minas: aproximadamente 1 milh\u00e3o de cabe\u00e7as<\/p>\n<p>&#8211; Volume de cabe\u00e7as de gado normalmente vendida: 400 mil<\/p>\n<p>&#8211; Total do rebanho de gado no Norte de Minas: 3 milh\u00f5es<\/p>\n<p>&#8211; Investimento do Minerva na compra do frigor\u00edfico: R$ 40 mi<\/p>\n<h4><strong>Pre\u00e7os<\/strong><\/h4>\n<p>Para o consumidor final, os efeitos da seca s\u00e3o sentidos no pre\u00e7o. Mesmo tendo que vender antes da hora, n\u00e3o houve desvaloriza\u00e7\u00e3o porque o mercado mundial est\u00e1 aquecido.<\/p>\n<p><img decoding=\"async\" src=\"http:\/\/aconteceunovale.com.br\/portal\/wp-content\/uploads\/2014\/06\/seca_norte_minas_1.jpg\" alt=\"\" \/><em>(Pecuaristas tiveram que vender rebanho antes da hora e mais do que o costume para evitar preju\u00edzo &#8211; Foto: Samuel Aguiar \/ Jornal O Tempo)<\/em><br \/>\n<\/br><\/p>\n<p><strong><em>(O Tempo)<\/em><\/strong><\/p>\n","protected":false},"excerpt":{"rendered":"<p>O Norte de Minas Gerais j\u00e1 est\u00e1 acostumada a conviver com a seca. Mas, h\u00e1 pelo menos tr\u00eas anos sem chuva suficiente at\u00e9 mesmo para crescer a pastagem e engordar o gado, os pecuaristas t\u00eam que antecipar a venda dos bois para evitar perdas. O gerente regional da Empresa de Assist\u00eancia T\u00e9cnica e Extens\u00e3o Rural [&hellip;]<\/p>\n","protected":false},"author":1,"featured_media":33268,"comment_status":"open","ping_status":"closed","sticky":false,"template":"","format":"standard","meta":{"amp_status":"","footnotes":""},"categories":[123],"tags":[1018,204,210,9864],"class_list":["post-33267","post","type-post","status-publish","format-standard","has-post-thumbnail","hentry","category-gerais","tag-destaque","tag-janauba","tag-montes-claros","tag-pecuaristas-do-norte-de-minas-vendem-gado-antes-da-hora-para-evitar-perdas-devido-a-seca"],"_links":{"self":[{"href":"https:\/\/aconteceunovale.com.br\/portal\/index.php?rest_route=\/wp\/v2\/posts\/33267","targetHints":{"allow":["GET"]}}],"collection":[{"href":"https:\/\/aconteceunovale.com.br\/portal\/index.php?rest_route=\/wp\/v2\/posts"}],"about":[{"href":"https:\/\/aconteceunovale.com.br\/portal\/index.php?rest_route=\/wp\/v2\/types\/post"}],"author":[{"embeddable":true,"href":"https:\/\/aconteceunovale.com.br\/portal\/index.php?rest_route=\/wp\/v2\/users\/1"}],"replies":[{"embeddable":true,"href":"https:\/\/aconteceunovale.com.br\/portal\/index.php?rest_route=%2Fwp%2Fv2%2Fcomments&post=33267"}],"version-history":[{"count":0,"href":"https:\/\/aconteceunovale.com.br\/portal\/index.php?rest_route=\/wp\/v2\/posts\/33267\/revisions"}],"wp:featuredmedia":[{"embeddable":true,"href":"https:\/\/aconteceunovale.com.br\/portal\/index.php?rest_route=\/wp\/v2\/media\/33268"}],"wp:attachment":[{"href":"https:\/\/aconteceunovale.com.br\/portal\/index.php?rest_route=%2Fwp%2Fv2%2Fmedia&parent=33267"}],"wp:term":[{"taxonomy":"category","embeddable":true,"href":"https:\/\/aconteceunovale.com.br\/portal\/index.php?rest_route=%2Fwp%2Fv2%2Fcategories&post=33267"},{"taxonomy":"post_tag","embeddable":true,"href":"https:\/\/aconteceunovale.com.br\/portal\/index.php?rest_route=%2Fwp%2Fv2%2Ftags&post=33267"}],"curies":[{"name":"wp","href":"https:\/\/api.w.org\/{rel}","templated":true}]}}