{"id":33265,"date":"2014-06-29T15:13:59","date_gmt":"2014-06-29T18:13:59","guid":{"rendered":"http:\/\/aconteceunovale.com.br\/portal\/?p=33265"},"modified":"2014-06-29T15:13:59","modified_gmt":"2014-06-29T18:13:59","slug":"cafe-garante-saldo-positivo-do-emprego-em-minas-gerais","status":"publish","type":"post","link":"https:\/\/aconteceunovale.com.br\/portal\/?p=33265","title":{"rendered":"Caf\u00e9 garante saldo positivo do emprego em Minas Gerais"},"content":{"rendered":"<p>Apesar das muitas dificuldades enfrentadas pelos cafeicultores de Minas Gerais, principal produtor do pa\u00eds, o setor continua sendo um grande gerador de emprego. Com a colheita nas lavouras em maio, o caf\u00e9 respondeu por 19.432 novas vagas das 22.925 que foram criadas no Estado.<\/p>\n<p>Foi gra\u00e7as a ele que Minas liderou a gera\u00e7\u00e3o de emprego, vindo o Estado a responder por 38,96% das vagas criadas no Pa\u00eds em maio, segundo dados do Caged (Cadastro Geral de Empregados e Desempregados) divulgados nesta semana pelo governo. Na divis\u00e3o por munic\u00edpios \u00e9 poss\u00edvel notar a import\u00e2ncia da cultura cafeeira no mapa do emprego.<\/p>\n<p>De acordo com o Caged, em MG lideram a lista na cria\u00e7\u00e3o de vagas os munic\u00edpios de Tr\u00eas Pontas (892), Ipatinga (843), S\u00e3o Sebasti\u00e3o do Para\u00edso (665), Machado (634) e Guaxup\u00e9 (578), todas eles com tradi\u00e7\u00e3o na produ\u00e7\u00e3o de caf\u00e9.<\/p>\n<p>Por outro lado, sem ter rela\u00e7\u00e3o com o produto, a capital Belo Horizonte aparece em pen\u00faltimo no ranking, com saldo negativo de 1.600 vagas em maio, seguida por Contagem, na regi\u00e3o metropolitana, que viu 1.982 empregos desaparecerem.<\/p>\n<p>Com esses n\u00fameros contr\u00e1rios em cidades grandes, apesar de fechar com alta de 0,5% em rela\u00e7\u00e3o ao m\u00eas anterior, o resultado foi o pior maio desde 2010 para os mineiros. Puxado justamente pelo caf\u00e9, este m\u00eas no Estado as contrata\u00e7\u00f5es costumam ser bem maiores; Em maio do ano passado foram criados 25.916 postos de trabalho, 11,5% a mais que agora.<\/p>\n<h4><strong>CEN\u00c1RIO<\/strong><\/h4>\n<p>No Pa\u00eds a cafeicultura criou em maio 44,1 mil vagas, mas este n\u00famero j\u00e1 esteve bem mais alto. Os motivos para isso s\u00e3o a crise no setor e a mecaniza\u00e7\u00e3o que avan\u00e7ou muito nas lavouras do Sudeste. Um exemplo disso \u00e9 a cidade de Cabo Verde (MG), onde o n\u00famero de pessoas que trabalhavam na safra do caf\u00e9 caiu de 6,5 mil para 1,5 mil. Isso em raz\u00e3o da m\u00e1quina conhecida por &#8220;m\u00e3ozinha&#8221;, um equipamento port\u00e1til e de custo baixo que faz o trabalho de quatro pessoas.<\/p>\n<p>Situa\u00e7\u00e3o parecida se repete em outros munic\u00edpios onde a meta \u00e9 reduzir custos para enfrentar o pre\u00e7o baixo do caf\u00e9 e a seca, que prejudicou as lavouras. Em Minas, a expectativa, segundo a Conab (Companhia Nacional de Abastecimento), \u00e9 produzir na safra de 2014 cerca de 22,9 milh\u00f5es de sacas de 60 quilos de caf\u00e9. O volume \u00e9 16,88% inferior ao registrado na safra passada. E a estiagem \u00e9 apontada como a grande vil\u00e3.<\/p>\n<h4><strong>INVERS\u00c3O<\/strong><\/h4>\n<p>No Pa\u00eds todo a previs\u00e3o \u00e9 colher 44,57 milh\u00f5es de sacas de 60 quilos de caf\u00e9 beneficiado. Se for mantida essa quantidade, ser\u00e1 encerrado o ciclo de crescimento registrado safra ap\u00f3s safra desde 2005, com a queda de 9,33% no comparativo com os n\u00fameros do ano passado (49,15 milh\u00f5es de sacas).<\/p>\n<p><strong><em>(Estad\u00e3o Conte\u00fado)<\/em><\/strong><\/p>\n","protected":false},"excerpt":{"rendered":"<p>Apesar das muitas dificuldades enfrentadas pelos cafeicultores de Minas Gerais, principal produtor do pa\u00eds, o setor continua sendo um grande gerador de emprego. Com a colheita nas lavouras em maio, o caf\u00e9 respondeu por 19.432 novas vagas das 22.925 que foram criadas no Estado. Foi gra\u00e7as a ele que Minas liderou a gera\u00e7\u00e3o de emprego, [&hellip;]<\/p>\n","protected":false},"author":1,"featured_media":12422,"comment_status":"open","ping_status":"closed","sticky":false,"template":"","format":"standard","meta":{"amp_status":"","footnotes":""},"categories":[123],"tags":[194,9862,956,1018,9863,959,201,1546,1548,1508],"class_list":["post-33265","post","type-post","status-publish","format-standard","has-post-thumbnail","hentry","category-gerais","tag-belo-horizonte","tag-cafe-garante-saldo-positivo-do-emprego-em-minas-gerais","tag-contagem","tag-destaque","tag-empregos-gerados-pela-producao-de-cafe-em-minas-gerais","tag-guaxupe","tag-ipatinga","tag-machado","tag-sao-sebastiao-do-paraiso","tag-tres-pontas"],"_links":{"self":[{"href":"https:\/\/aconteceunovale.com.br\/portal\/index.php?rest_route=\/wp\/v2\/posts\/33265","targetHints":{"allow":["GET"]}}],"collection":[{"href":"https:\/\/aconteceunovale.com.br\/portal\/index.php?rest_route=\/wp\/v2\/posts"}],"about":[{"href":"https:\/\/aconteceunovale.com.br\/portal\/index.php?rest_route=\/wp\/v2\/types\/post"}],"author":[{"embeddable":true,"href":"https:\/\/aconteceunovale.com.br\/portal\/index.php?rest_route=\/wp\/v2\/users\/1"}],"replies":[{"embeddable":true,"href":"https:\/\/aconteceunovale.com.br\/portal\/index.php?rest_route=%2Fwp%2Fv2%2Fcomments&post=33265"}],"version-history":[{"count":0,"href":"https:\/\/aconteceunovale.com.br\/portal\/index.php?rest_route=\/wp\/v2\/posts\/33265\/revisions"}],"wp:featuredmedia":[{"embeddable":true,"href":"https:\/\/aconteceunovale.com.br\/portal\/index.php?rest_route=\/wp\/v2\/media\/12422"}],"wp:attachment":[{"href":"https:\/\/aconteceunovale.com.br\/portal\/index.php?rest_route=%2Fwp%2Fv2%2Fmedia&parent=33265"}],"wp:term":[{"taxonomy":"category","embeddable":true,"href":"https:\/\/aconteceunovale.com.br\/portal\/index.php?rest_route=%2Fwp%2Fv2%2Fcategories&post=33265"},{"taxonomy":"post_tag","embeddable":true,"href":"https:\/\/aconteceunovale.com.br\/portal\/index.php?rest_route=%2Fwp%2Fv2%2Ftags&post=33265"}],"curies":[{"name":"wp","href":"https:\/\/api.w.org\/{rel}","templated":true}]}}