{"id":33257,"date":"2014-06-29T11:31:48","date_gmt":"2014-06-29T14:31:48","guid":{"rendered":"http:\/\/aconteceunovale.com.br\/portal\/?p=33257"},"modified":"2014-06-29T11:36:00","modified_gmt":"2014-06-29T14:36:00","slug":"homem-de-28-anos-morre-em-acidente-na-amg-900-em-janauba","status":"publish","type":"post","link":"https:\/\/aconteceunovale.com.br\/portal\/?p=33257","title":{"rendered":"Homem de 28 anos morre em acidente na AMG-900, em Jana\u00faba"},"content":{"rendered":"<h4><strong>Acidente aconteceu na madrugada deste domingo (29). Condutor, de 28 anos, foi arremessado e teve morte instant\u00e2nea<\/strong><\/h4>\n<p>Um motorista, de 28 anos, morreu ap\u00f3s perder o controle da dire\u00e7\u00e3o e capotar o carro, na madrugada deste domingo (29), na AMG-900, em Jana\u00faba, no Norte de Minas. O condutor foi arremessado e teve morte instant\u00e2nea.<\/p>\n<p>Testemunhas relataram \u00e0 Pol\u00edcia Militar (PM) que Marlon Martins Drumond seguia no sentido Bico da Pedra\/Jana\u00faba, em um Amarok preto, com placas de Montes Claros, quando, na altura do quil\u00f4metro 4, perdeu o controle da dire\u00e7\u00e3o, capotou \u00e0s margens da rodovia e foi arremessado do ve\u00edculo. Drumond n\u00e3o resistiu aos ferimentos e morreu no local. <\/p>\n","protected":false},"excerpt":{"rendered":"<p>Acidente aconteceu na madrugada deste domingo (29). Condutor, de 28 anos, foi arremessado e teve morte instant\u00e2nea Um motorista, de 28 anos, morreu ap\u00f3s perder o controle da dire\u00e7\u00e3o e capotar o carro, na madrugada deste domingo (29), na AMG-900, em Jana\u00faba, no Norte de Minas. O condutor foi arremessado e teve morte instant\u00e2nea. Testemunhas [&hellip;]<\/p>\n","protected":false},"author":1,"featured_media":33258,"comment_status":"open","ping_status":"closed","sticky":false,"template":"","format":"standard","meta":{"amp_status":"","footnotes":""},"categories":[1236],"tags":[9854,9852,9855,9851,9853,210],"class_list":["post-33257","post","type-post","status-publish","format-standard","has-post-thumbnail","hentry","category-norte_de_minas","tag-acidente-com-marlon-martins-drumond","tag-acidente-em-janauba","tag-fotos-do-acidente-com-marlon-martins-drumond","tag-homem-de-28-anos-morre-em-acidente-na-amg-900","tag-marlon-martins-drumond","tag-montes-claros"],"_links":{"self":[{"href":"https:\/\/aconteceunovale.com.br\/portal\/index.php?rest_route=\/wp\/v2\/posts\/33257","targetHints":{"allow":["GET"]}}],"collection":[{"href":"https:\/\/aconteceunovale.com.br\/portal\/index.php?rest_route=\/wp\/v2\/posts"}],"about":[{"href":"https:\/\/aconteceunovale.com.br\/portal\/index.php?rest_route=\/wp\/v2\/types\/post"}],"author":[{"embeddable":true,"href":"https:\/\/aconteceunovale.com.br\/portal\/index.php?rest_route=\/wp\/v2\/users\/1"}],"replies":[{"embeddable":true,"href":"https:\/\/aconteceunovale.com.br\/portal\/index.php?rest_route=%2Fwp%2Fv2%2Fcomments&post=33257"}],"version-history":[{"count":0,"href":"https:\/\/aconteceunovale.com.br\/portal\/index.php?rest_route=\/wp\/v2\/posts\/33257\/revisions"}],"wp:featuredmedia":[{"embeddable":true,"href":"https:\/\/aconteceunovale.com.br\/portal\/index.php?rest_route=\/wp\/v2\/media\/33258"}],"wp:attachment":[{"href":"https:\/\/aconteceunovale.com.br\/portal\/index.php?rest_route=%2Fwp%2Fv2%2Fmedia&parent=33257"}],"wp:term":[{"taxonomy":"category","embeddable":true,"href":"https:\/\/aconteceunovale.com.br\/portal\/index.php?rest_route=%2Fwp%2Fv2%2Fcategories&post=33257"},{"taxonomy":"post_tag","embeddable":true,"href":"https:\/\/aconteceunovale.com.br\/portal\/index.php?rest_route=%2Fwp%2Fv2%2Ftags&post=33257"}],"curies":[{"name":"wp","href":"https:\/\/api.w.org\/{rel}","templated":true}]}}