{"id":33217,"date":"2014-06-28T13:15:37","date_gmt":"2014-06-28T16:15:37","guid":{"rendered":"http:\/\/aconteceunovale.com.br\/portal\/?p=33217"},"modified":"2014-06-28T13:15:37","modified_gmt":"2014-06-28T16:15:37","slug":"31a-edicao-do-festival-de-cultura-popular-do-vale-do-jequitinhonha-comeca-neste-domingo","status":"publish","type":"post","link":"https:\/\/aconteceunovale.com.br\/portal\/?p=33217","title":{"rendered":"31\u00aa edi\u00e7\u00e3o do Festival de Cultura Popular do Vale do Jequitinhonha come\u00e7a neste domingo"},"content":{"rendered":"<p>Come\u00e7a neste domingo (29) mais uma edi\u00e7\u00e3o do Festival de Cultura Popular do Vale do Jequitinhonha (Festivale) em Ara\u00e7ua\u00ed, no Vale do Jequitinhonha.  Esta \u00e9 a 31\u00aa edi\u00e7\u00e3o do Festival, que este ano reunir\u00e1 artistas de diversas cidades da regi\u00e3o. Durante uma semana, o p\u00fablico poder\u00e1 apreciar as apresenta\u00e7\u00f5es e participar de oficinas que v\u00e3o movimentar a cidade de Ara\u00e7ua\u00ed.<\/p>\n<p>\u201cNestes sete dias do Festivale o p\u00fablico ara\u00e7uaiense vai presenciar atra\u00e7\u00f5es culturais de m\u00fasica, poesia, teatro, fotografia, culin\u00e1ria, entre outras. A programa\u00e7\u00e3o tamb\u00e9m incluiu oficinas e re\u00fane artistas, agentes culturais, profissionais do setor, gestores p\u00fablicos e privados e apreciadores das riquezas do vale de pelo menos 50 cidades da regi\u00e3o\u201d, garante o prefeito do munic\u00edpio, Armando Jardim Paix\u00e3o.<\/p>\n<p>A abertura oficial do Festivale ser\u00e1 no Distrito de Itira, em um local conhecido como Barra do Pontal, onde acontece o encontro dos Rios Ara\u00e7ua\u00ed e Jequitinhonha. Itira \u00e9 a mais antiga comunidade do munic\u00edpio de Ara\u00e7ua\u00ed.<\/p>\n<p>De acordo com o diretor do departamento de cultura de Ara\u00e7ua\u00ed, Luciano Silveira, uma das novidades desta edi\u00e7\u00e3o do Festivale ser\u00e1 a realiza\u00e7\u00e3o do primeiro Encontro de Corais que acontecer\u00e1 na Pra\u00e7a do Coreto.<\/p>\n<p>\u201cEsse encontro est\u00e1 previsto para ter\u00e7a-feira, 1\u00ba de julho, a partir das 20 horas. J\u00e1 confirmaram presen\u00e7a os corais \u00c1gua Branca e Flor de Liz de Itinga; N\u00f3s de Minas e Vozes de Alagadi\u00e7o de Coronel Murta; Flor da Terra de Francisco Badar\u00f3; Ribeir\u00e3o de Areia de Jenipapo de Minas; Bem ti vi de Virgem da Lapa; Vozes do Jequitinhonha de Jequitinhonha e claro, os Corais de Ara\u00e7ua\u00ed estar\u00e3o presentes na abertura oficial, noite liter\u00e1ria, e no encontro dos rios na comunidade de Itira\u201d, conta Luciano Silveira.<\/p>\n<h4><strong>Hist\u00f3ria do Festivale<\/strong><\/h4>\n<p>Em 1980 foi realizado a 1\u00aa edi\u00e7\u00e3o Festivale, na cidade de Itaobim, Vale do Jequitinhonha. Desde ent\u00e3o, o evento se repete sempre com o car\u00e1ter da iner\u00eancia, tendo como objetivo principal valorizar, preservar e divulgar a cultura popular do Jequitinhonha, promovendo o interc\u00e2mbio entre os artistas e o p\u00fablico e a comercializa\u00e7\u00e3o da arte aqui produzida.<\/p>\n<p>Outras informa\u00e7\u00f5es sobre o Festivale e a programa\u00e7\u00e3o oficial de todos os dias est\u00e3o dispon\u00edveis no <a href=\"http:\/\/aracuai.mg.gov.br\/site\/\" target=\"_blank\">site oficial da prefeitura de Ara\u00e7ua\u00ed<\/a>.<\/p>\n<h4><strong>Festival de M\u00fasica do Festivale<\/strong><\/h4>\n<p>Confira a lista de artistas classificados que apresentar\u00e3o nos dias 03 e 04 de junho no Festival de M\u00fasica do 31\u00ba Festivale:<\/p>\n<p><strong>03\/07\/2014 \u2013 (Quinta-feira)<\/strong><\/p>\n<p>01- Alessandro Silva \u2013 Ara\u00e7ua\u00ed<br \/>\n02- Beto Mota \u2013 Curvelo<br \/>\n03- Camila Gomes \u2013 Te\u00f3filo Otoni<br \/>\n04- Jorge Dikamba \u2013 Belo Horizonte<br \/>\n05- Grace Matos \u2013 Ara\u00e7ua\u00ed<br \/>\n06- Herena Barcelos \u2013 Itinga<br \/>\n07- Ivan Pestana \u2013 Minas Novas<br \/>\n08- Luiz Bira \u2013 Itabira<br \/>\n09- Marinho San \u2013 Belo Horizonte<br \/>\n10- Volber Maciel \u2013 Turmalina<\/p>\n<p><strong>04\/07\/2014 \u2013 (Sexta-feira)<\/strong><\/p>\n<p>01- Anderson Rodrigues de Oliveira \u2013 Belo Horizonte<br \/>\n02- Danielle Bomfim \u2013 Bras\u00edlia<br \/>\n03- Dentinho Aroeira \u2013 Joinville<br \/>\n04- Efrahin Maia \u2013 Colatina<br \/>\n05- Francisco Carlos Silva \u2013 Brumado<br \/>\n06- Diorgen Junior \u2013 Governador Valadares<br \/>\n07- La\u00e9cio Bethoven \u2013 Salvador<br \/>\n08- La\u00e9cio Bethoven \u2013 Salvador<br \/>\n09- Marcos Catarina \u2013 Belo Horizonte<br \/>\n10- Pedro Hoisel Ferraz \u2013 Belo Horizonte<br \/>\n11- Tavinho Limma \u2013 Ilha Solteira \u2013 SP<br \/>\n12- Walter Dias &#8211; Belo Horizonte<\/p>\n","protected":false},"excerpt":{"rendered":"<p>Come\u00e7a neste domingo (29) mais uma edi\u00e7\u00e3o do Festival de Cultura Popular do Vale do Jequitinhonha (Festivale) em Ara\u00e7ua\u00ed, no Vale do Jequitinhonha. Esta \u00e9 a 31\u00aa edi\u00e7\u00e3o do Festival, que este ano reunir\u00e1 artistas de diversas cidades da regi\u00e3o. Durante uma semana, o p\u00fablico poder\u00e1 apreciar as apresenta\u00e7\u00f5es e participar de oficinas que v\u00e3o [&hellip;]<\/p>\n","protected":false},"author":1,"featured_media":33218,"comment_status":"open","ping_status":"closed","sticky":false,"template":"","format":"standard","meta":{"amp_status":"","footnotes":""},"categories":[125],"tags":[9814,9815,8048,9816,186,187,391,189,1218,389,206030,482],"class_list":["post-33217","post","type-post","status-publish","format-standard","has-post-thumbnail","hentry","category-noticias","tag-31a-edicao-do-festival-de-cultura-popular-do-vale-do-jequitinhonha-comeca-neste-domingo","tag-31a-edicao-do-festival-de-cultura-popular-do-vale-do-jequitinhonha-comeca-neste-domingo-em-aracuai","tag-31a-edicao-do-festivale","tag-31a-edicao-do-festivale-comeca-neste-domingo-em-aracuai","tag-aracuai","tag-francisco-badaro","tag-itaobim","tag-itinga","tag-jenipapo-de-minas","tag-medina","tag-jequi","tag-virgem-da-lapa"],"_links":{"self":[{"href":"https:\/\/aconteceunovale.com.br\/portal\/index.php?rest_route=\/wp\/v2\/posts\/33217","targetHints":{"allow":["GET"]}}],"collection":[{"href":"https:\/\/aconteceunovale.com.br\/portal\/index.php?rest_route=\/wp\/v2\/posts"}],"about":[{"href":"https:\/\/aconteceunovale.com.br\/portal\/index.php?rest_route=\/wp\/v2\/types\/post"}],"author":[{"embeddable":true,"href":"https:\/\/aconteceunovale.com.br\/portal\/index.php?rest_route=\/wp\/v2\/users\/1"}],"replies":[{"embeddable":true,"href":"https:\/\/aconteceunovale.com.br\/portal\/index.php?rest_route=%2Fwp%2Fv2%2Fcomments&post=33217"}],"version-history":[{"count":0,"href":"https:\/\/aconteceunovale.com.br\/portal\/index.php?rest_route=\/wp\/v2\/posts\/33217\/revisions"}],"wp:featuredmedia":[{"embeddable":true,"href":"https:\/\/aconteceunovale.com.br\/portal\/index.php?rest_route=\/wp\/v2\/media\/33218"}],"wp:attachment":[{"href":"https:\/\/aconteceunovale.com.br\/portal\/index.php?rest_route=%2Fwp%2Fv2%2Fmedia&parent=33217"}],"wp:term":[{"taxonomy":"category","embeddable":true,"href":"https:\/\/aconteceunovale.com.br\/portal\/index.php?rest_route=%2Fwp%2Fv2%2Fcategories&post=33217"},{"taxonomy":"post_tag","embeddable":true,"href":"https:\/\/aconteceunovale.com.br\/portal\/index.php?rest_route=%2Fwp%2Fv2%2Ftags&post=33217"}],"curies":[{"name":"wp","href":"https:\/\/api.w.org\/{rel}","templated":true}]}}