{"id":33211,"date":"2014-06-28T10:04:57","date_gmt":"2014-06-28T13:04:57","guid":{"rendered":"http:\/\/aconteceunovale.com.br\/portal\/?p=33211"},"modified":"2014-06-28T10:04:57","modified_gmt":"2014-06-28T13:04:57","slug":"policia-militar-abre-120-vagas-para-formacao-de-oficiais-em-minas-gerais","status":"publish","type":"post","link":"https:\/\/aconteceunovale.com.br\/portal\/?p=33211","title":{"rendered":"Pol\u00edcia Militar abre 120 vagas para forma\u00e7\u00e3o de oficiais em Minas Gerais"},"content":{"rendered":"<p>A Pol\u00edcia Militar de Minas Gerais abriu 120 vagas para forma\u00e7\u00e3o de oficiais. Os sal\u00e1rios variam entre R$ 3.895,10 e R$ 5.991,49. No site da organizadora, \u00e9 poss\u00edvel ver o edital (<a href=\"https:\/\/www.policiamilitar.mg.gov.br\/conteudoportal\/sites\/concurso\/300520141628337690.pdf\" target=\"_blank\">acesse o edital<\/a>).<\/p>\n<p>As inscri\u00e7\u00f5es devem ser feitas pela internet no per\u00edodo de 31 de julho a 28 de agosto e custa R$ 151,58. A prova vai ser realizada no dia 28 de setembro.  <\/p>\n<p>De acordo com o edital, s\u00e3o 120 vagas, sendo 108 s\u00e3o para homens e 12 para as mulheres.<\/p>\n<p>Os candidatos v\u00e3o fazer uma prova de conhecimento, exame de sa\u00fade, prova oral, avalia\u00e7\u00e3o psicol\u00f3gica, prova de t\u00edtulos, teste de capacita\u00e7\u00e3o f\u00edsica e exame toxicol\u00f3gico.<\/p>\n","protected":false},"excerpt":{"rendered":"<p>A Pol\u00edcia Militar de Minas Gerais abriu 120 vagas para forma\u00e7\u00e3o de oficiais. Os sal\u00e1rios variam entre R$ 3.895,10 e R$ 5.991,49. No site da organizadora, \u00e9 poss\u00edvel ver o edital (acesse o edital). As inscri\u00e7\u00f5es devem ser feitas pela internet no per\u00edodo de 31 de julho a 28 de agosto e custa R$ 151,58. [&hellip;]<\/p>\n","protected":false},"author":1,"featured_media":26880,"comment_status":"open","ping_status":"closed","sticky":false,"template":"","format":"standard","meta":{"amp_status":"","footnotes":""},"categories":[123],"tags":[9807,9806],"class_list":["post-33211","post","type-post","status-publish","format-standard","has-post-thumbnail","hentry","category-gerais","tag-120-vagas-para-formacao-de-oficiais-em-minas-gerais","tag-policia-militar-abre-120-vagas-para-formacao-de-oficiais-em-minas-gerais"],"_links":{"self":[{"href":"https:\/\/aconteceunovale.com.br\/portal\/index.php?rest_route=\/wp\/v2\/posts\/33211","targetHints":{"allow":["GET"]}}],"collection":[{"href":"https:\/\/aconteceunovale.com.br\/portal\/index.php?rest_route=\/wp\/v2\/posts"}],"about":[{"href":"https:\/\/aconteceunovale.com.br\/portal\/index.php?rest_route=\/wp\/v2\/types\/post"}],"author":[{"embeddable":true,"href":"https:\/\/aconteceunovale.com.br\/portal\/index.php?rest_route=\/wp\/v2\/users\/1"}],"replies":[{"embeddable":true,"href":"https:\/\/aconteceunovale.com.br\/portal\/index.php?rest_route=%2Fwp%2Fv2%2Fcomments&post=33211"}],"version-history":[{"count":0,"href":"https:\/\/aconteceunovale.com.br\/portal\/index.php?rest_route=\/wp\/v2\/posts\/33211\/revisions"}],"wp:featuredmedia":[{"embeddable":true,"href":"https:\/\/aconteceunovale.com.br\/portal\/index.php?rest_route=\/wp\/v2\/media\/26880"}],"wp:attachment":[{"href":"https:\/\/aconteceunovale.com.br\/portal\/index.php?rest_route=%2Fwp%2Fv2%2Fmedia&parent=33211"}],"wp:term":[{"taxonomy":"category","embeddable":true,"href":"https:\/\/aconteceunovale.com.br\/portal\/index.php?rest_route=%2Fwp%2Fv2%2Fcategories&post=33211"},{"taxonomy":"post_tag","embeddable":true,"href":"https:\/\/aconteceunovale.com.br\/portal\/index.php?rest_route=%2Fwp%2Fv2%2Ftags&post=33211"}],"curies":[{"name":"wp","href":"https:\/\/api.w.org\/{rel}","templated":true}]}}