{"id":33207,"date":"2014-06-28T09:56:39","date_gmt":"2014-06-28T12:56:39","guid":{"rendered":"http:\/\/aconteceunovale.com.br\/portal\/?p=33207"},"modified":"2014-06-28T09:58:00","modified_gmt":"2014-06-28T12:58:00","slug":"zagueiro-da-selecao-brasileira-ganha-28-xaras-em-montes-claros","status":"publish","type":"post","link":"https:\/\/aconteceunovale.com.br\/portal\/?p=33207","title":{"rendered":"Zagueiro da Sele\u00e7\u00e3o Brasileira ganha 28 xar\u00e1s em Montes Claros"},"content":{"rendered":"<p>A Copa do Mundo \u00e9 \u201cmadrinha\u201d de v\u00e1rios beb\u00eas, batizados com nomes de craques da Sele\u00e7\u00e3o Brasileira. Pelo menos em Montes Claros, David Luiz j\u00e1 \u00e9 campe\u00e3o. Desde maio, o cart\u00f3rio de registro civil da cidade do Norte de Minas emitiu 28 certid\u00f5es de nascimento com o nome do zagueiro.<\/p>\n<p>\u201cAcredito que esse fen\u00f4meno \u00e9 resultante do carisma do jogador. Humilde e simp\u00e1tico, David Luiz conquistou as crian\u00e7as. V\u00e1rios meninos est\u00e3o deixando o cabelo crescer por causa dele\u201d, afirma Cl\u00e1udio Teixeira, h\u00e1 18 anos oficial do cart\u00f3rio de Montes Claros.<\/p>\n<p><img decoding=\"async\" src=\"http:\/\/aconteceunovale.com.br\/portal\/wp-content\/uploads\/2014\/06\/david_luiz_moc.jpg\" alt=\"\" \/><em><strong>Dayane Oliveira com David Luiz, que nasceu no dia da abertura da Copa &#8211; Foto: Danilo Evangelista\/EM<\/strong><\/em><br \/>\n<\/br><\/p>\n<p>Em outras copas, \u00eddolos do futebol ganharam muitos xar\u00e1s. \u201cEm 1970, v\u00e1rias crian\u00e7as receberam o nome de Roberto Rivelino. Outras se chamaram Edson por causa do Pel\u00e9 (Edson Arantes do Nascimento). <\/p>\n<p>Em 1982, pais registraram filhos como Artur, por causa do Zico (Arthur Antunes Coimbra). Houve um per\u00edodo em que surgiram Diegos por conta do Maradona (Diego Armando Maradona). Pela primeira vez vejo tantos registros de um nome em t\u00e3o pouco tempo, como ocorre agora com o David Luiz\u201d, comenta Teixeira.<\/p>\n<p>Um dos xar\u00e1s do craque do Paris Saint-Germain \u00e9 o montes-clarense David Luiz Barbosa Medeiros, que veio ao mundo no dia 12, \u00e0s 14h57min, a apenas tr\u00eas minutos da abertura da Copa. \u201cComo o nosso filho nasceu no dia da estreia do Brasil, decidimos homenagear a Sele\u00e7\u00e3o Brasileira e o jogador David Luiz, que admiramos muito\u201d, explica a dom\u00e9stica Dayane Barbosa Oliveira, de 24 anos. O nome do ca\u00e7ula foi escolhido em comum acordo por ela e o marido, Adailton Oliveira Medeiros, de 20, t\u00e9cnico de uma empresa de telefonia.<\/p>\n<p>O casal tem outro filho, Luiz Ant\u00f4nio, de 3, irm\u00e3o de Emile, de 10, fruto de outro relacionamento de Dayane. Todos assistem aos jogos da Sele\u00e7\u00e3o Brasileira vestidos de verde-amarelo \u2013 inclusive David Luiz. \u201cO Brasil vai ganhar do Chile\u201d, prev\u00ea Dayane. A fam\u00edlia mora no Conjunto Vit\u00f3ria e foi beneficada pelo programa federal Minha casa, minha vida. <\/p>\n<p>Lance Outro xar\u00e1 do zagueiro \u00e9 Davi (sem \u201cd\u201d mesmo) Luiz Ver\u00edssimo Silva, nascido em 26 de maio. Ele \u00e9 filho do comerciante \u00c9rico Ver\u00edssimo da Silva, de 29, e de Ana Paula Rosa Silva, de 25, que moram no Conjunto Chiquinho Guimar\u00e3es. O pai come\u00e7ou a admirar o craque na Copa das Confedera\u00e7\u00f5es em junho do ano passado. Na final contra a Espanha, num lance memor\u00e1vel, David Luiz evitou um gol do advers\u00e1rio.<\/p>\n<p>\u201cAna Paula ficou gr\u00e1vida em setembro. Em dezembro, quando soubemos que seria menino, escolhemos o nome\u201d, conta ele. O primog\u00eanito Richard Michael, de 8, aprova a escolha. \u201cDavid Luiz \u00e9 um jogador muito bom. Todas as crian\u00e7as gostam dele\u201d, diz. <\/p>\n<p>\u201cDesde quando o nosso filho nasceu, as pessoas diziam, ainda no hospital, que a gente estava em clima de Copa do Mundo. Agora, esperamos que o Brasil seja campe\u00e3o\u201d, afirma a montes-clarense Ana Paula.<\/p>\n<p><strong><em>(Estado de Minas \/ Luiz Ribeiro)<\/em><\/strong><\/p>\n","protected":false},"excerpt":{"rendered":"<p>A Copa do Mundo \u00e9 \u201cmadrinha\u201d de v\u00e1rios beb\u00eas, batizados com nomes de craques da Sele\u00e7\u00e3o Brasileira. Pelo menos em Montes Claros, David Luiz j\u00e1 \u00e9 campe\u00e3o. Desde maio, o cart\u00f3rio de registro civil da cidade do Norte de Minas emitiu 28 certid\u00f5es de nascimento com o nome do zagueiro. \u201cAcredito que esse fen\u00f4meno \u00e9 [&hellip;]<\/p>\n","protected":false},"author":1,"featured_media":33208,"comment_status":"open","ping_status":"closed","sticky":false,"template":"","format":"standard","meta":{"amp_status":"","footnotes":""},"categories":[1236],"tags":[9804,1018,9805,210,9803],"class_list":["post-33207","post","type-post","status-publish","format-standard","has-post-thumbnail","hentry","category-norte_de_minas","tag-david-luiz","tag-destaque","tag-maes-colocam-nome-nos-filhos-de-david-luiz-em-montes-claros","tag-montes-claros","tag-zagueiro-da-selecao-brasileira-ganha-28-xaras-em-montes-claros"],"_links":{"self":[{"href":"https:\/\/aconteceunovale.com.br\/portal\/index.php?rest_route=\/wp\/v2\/posts\/33207","targetHints":{"allow":["GET"]}}],"collection":[{"href":"https:\/\/aconteceunovale.com.br\/portal\/index.php?rest_route=\/wp\/v2\/posts"}],"about":[{"href":"https:\/\/aconteceunovale.com.br\/portal\/index.php?rest_route=\/wp\/v2\/types\/post"}],"author":[{"embeddable":true,"href":"https:\/\/aconteceunovale.com.br\/portal\/index.php?rest_route=\/wp\/v2\/users\/1"}],"replies":[{"embeddable":true,"href":"https:\/\/aconteceunovale.com.br\/portal\/index.php?rest_route=%2Fwp%2Fv2%2Fcomments&post=33207"}],"version-history":[{"count":0,"href":"https:\/\/aconteceunovale.com.br\/portal\/index.php?rest_route=\/wp\/v2\/posts\/33207\/revisions"}],"wp:featuredmedia":[{"embeddable":true,"href":"https:\/\/aconteceunovale.com.br\/portal\/index.php?rest_route=\/wp\/v2\/media\/33208"}],"wp:attachment":[{"href":"https:\/\/aconteceunovale.com.br\/portal\/index.php?rest_route=%2Fwp%2Fv2%2Fmedia&parent=33207"}],"wp:term":[{"taxonomy":"category","embeddable":true,"href":"https:\/\/aconteceunovale.com.br\/portal\/index.php?rest_route=%2Fwp%2Fv2%2Fcategories&post=33207"},{"taxonomy":"post_tag","embeddable":true,"href":"https:\/\/aconteceunovale.com.br\/portal\/index.php?rest_route=%2Fwp%2Fv2%2Ftags&post=33207"}],"curies":[{"name":"wp","href":"https:\/\/api.w.org\/{rel}","templated":true}]}}